{"id":220009,"date":"2026-01-08T02:24:17","date_gmt":"2026-01-08T02:24:17","guid":{"rendered":"https:\/\/www.europesays.com\/pt\/220009\/"},"modified":"2026-01-08T02:24:17","modified_gmt":"2026-01-08T02:24:17","slug":"f-c-porto-oficializa-oskar-pietuszewski","status":"publish","type":"post","link":"https:\/\/www.europesays.com\/pt\/220009\/","title":{"rendered":"F. C. Porto oficializa Oskar Pietuszewski"},"content":{"rendered":"<p data-remotead-prev-elm=\"true\" data-remotead-elm-id=\"inread\">&#8220;Oskar Pietuszewski \u00e9 o segundo refor\u00e7o de inverno do F. C. Porto. O extremo polaco de 17 anos rubricou um contrato v\u00e1lido por tr\u00eas temporadas, at\u00e9 5 de janeiro de 2029, com uma cl\u00e1usula de rescis\u00e3o de 60 milh\u00f5es de euros. O novo n\u00famero 77 junta-se aos compatriotas Jan Bednarek e Jakub Kiwior e passa a ser o mais jovem elemento do principal plantel portista&#8221;, refere o comunicado dos drag\u00f5es.<\/p>\n<p>A nota destaca que Pietuszewski &#8220;tem dado nas vistas pela rapidez e capacidade de drible&#8221;.<\/p>\n<p>&#8220;A precocidade e o talento s\u00e3o atributos bem vincados na carreira do internacional jovem polaco, que foi convocado pela primeira vez para a sele\u00e7\u00e3o sub-17 com apenas 15 anos e, desde setembro, j\u00e1 assinou quatro golos e duas assist\u00eancias em seis jogos na fase de apuramento para o Campeonato da Europa de sub-21&#8221;, acrescenta.<\/p>\n<p data-remotead-prev-elm=\"true\" data-remotead-elm-id=\"centro1\">Oskar Pietuszewski despontou no Jagiellonia, &#8220;clube local pelo qual se estreou na equipa principal com apenas 16 anos em Amesterd\u00e3o, frente ao Ajax de Francesco Farioli, na qualifica\u00e7\u00e3o para a Liga Europa&#8221;.<\/p>\n<p>Antes de Oskar Pietuszewski, o F. C. Porto contratou o<a href=\"https:\/\/www.jn.pt\/desporto\/artigo\/a-ligacao-infinita-na-carta-de-andre-villas-boas-a-thiago-silva\/18037577\" target=\"_blank\" rel=\"nofollow noopener\"> central brasileiro Thiago Silva<\/a>.<\/p>\n","protected":false},"excerpt":{"rendered":"&#8220;Oskar Pietuszewski \u00e9 o segundo refor\u00e7o de inverno do F. C. Porto. O extremo polaco de 17 anos&hellip;\n","protected":false},"author":2,"featured_media":220010,"comment_status":"","ping_status":"","sticky":false,"template":"","format":"standard","meta":{"footnotes":""},"categories":[8],"tags":[27,28,135,20558,15,16,524,14,25,26,21,22,12,13,19,20,32,23,24,33,17,18,29,30,31],"class_list":{"0":"post-220009","1":"post","2":"type-post","3":"status-publish","4":"format-standard","5":"has-post-thumbnail","7":"category-principais-noticias","8":"tag-breaking-news","9":"tag-breakingnews","10":"tag-desporto","11":"tag-f-c-porto","12":"tag-featured-news","13":"tag-featurednews","14":"tag-futebol","15":"tag-headlines","16":"tag-latest-news","17":"tag-latestnews","18":"tag-main-news","19":"tag-mainnews","20":"tag-news","21":"tag-noticias","22":"tag-noticias-principais","23":"tag-noticiasprincipais","24":"tag-portugal","25":"tag-principais-noticias","26":"tag-principaisnoticias","27":"tag-pt","28":"tag-top-stories","29":"tag-topstories","30":"tag-ultimas","31":"tag-ultimas-noticias","32":"tag-ultimasnoticias"},"share_on_mastodon":{"url":"https:\/\/pubeurope.com\/@pt\/115857107525293267","error":""},"_links":{"self":[{"href":"https:\/\/www.europesays.com\/pt\/wp-json\/wp\/v2\/posts\/220009","targetHints":{"allow":["GET"]}}],"collection":[{"href":"https:\/\/www.europesays.com\/pt\/wp-json\/wp\/v2\/posts"}],"about":[{"href":"https:\/\/www.europesays.com\/pt\/wp-json\/wp\/v2\/types\/post"}],"author":[{"embeddable":true,"href":"https:\/\/www.europesays.com\/pt\/wp-json\/wp\/v2\/users\/2"}],"replies":[{"embeddable":true,"href":"https:\/\/www.europesays.com\/pt\/wp-json\/wp\/v2\/comments?post=220009"}],"version-history":[{"count":0,"href":"https:\/\/www.europesays.com\/pt\/wp-json\/wp\/v2\/posts\/220009\/revisions"}],"wp:featuredmedia":[{"embeddable":true,"href":"https:\/\/www.europesays.com\/pt\/wp-json\/wp\/v2\/media\/220010"}],"wp:attachment":[{"href":"https:\/\/www.europesays.com\/pt\/wp-json\/wp\/v2\/media?parent=220009"}],"wp:term":[{"taxonomy":"category","embeddable":true,"href":"https:\/\/www.europesays.com\/pt\/wp-json\/wp\/v2\/categories?post=220009"},{"taxonomy":"post_tag","embeddable":true,"href":"https:\/\/www.europesays.com\/pt\/wp-json\/wp\/v2\/tags?post=220009"}],"curies":[{"name":"wp","href":"https:\/\/api.w.org\/{rel}","templated":true}]}}