{"id":220011,"date":"2026-01-08T02:25:08","date_gmt":"2026-01-08T02:25:08","guid":{"rendered":"https:\/\/www.europesays.com\/pt\/220011\/"},"modified":"2026-01-08T02:25:08","modified_gmt":"2026-01-08T02:25:08","slug":"dani-gondim-celebra-alta-apos-nova-internacao-resultados-positivos","status":"publish","type":"post","link":"https:\/\/www.europesays.com\/pt\/220011\/","title":{"rendered":"Dani Gondim celebra alta ap\u00f3s nova interna\u00e7\u00e3o: &#8216;Resultados positivos&#8217;"},"content":{"rendered":"<p><a href=\"https:\/\/caras.com.br\/tags\/dani-gondim\" target=\"_blank\" rel=\"noopener nofollow\"><strong>Dani Gondim<\/strong><\/a> usou as redes sociais nesta quarta-feira, 7, para dividir uma boa not\u00edcia com seus seguidores. A atriz, diagnosticada com um linfoma no mediastino, recebeu alta hospitalar ap\u00f3s mais uma interna\u00e7\u00e3o para seguir seu tratamento.<\/p>\n<p>Nos Stories, ela compartilhou uma foto em que aparece toda sorridente, ainda no quarto do hospital. Na legenda da publica\u00e7\u00e3o, Dani falou sobre o tratamento. \u201cFim de mais uma interna\u00e7\u00e3o\u2026\u201d, celebrou a atriz no in\u00edcio do texto.<\/p>\n<p>E completou: \u201c16 bolsinhas laranjas, 8 das que nem sei o nome, um pancad\u00e3o de medicamentos de enjoo que n\u00e3o resolveram o enjoo e soro para uma vida inteira. Resultados positivos e recebendo muito amor e cuidado!! Ju\u00edzo e se cuidem. Vamos voltar para casa meu povo!!\u201d.<\/p>\n<p><a href=\"https:\/\/caras.com.br\/bem-estar\/atriz-descobre-cancer-apos-viver-personagem-com-a-doenca-no-cinema.phtml\" target=\"_blank\" rel=\"noopener nofollow\">Dani revelou o diagn\u00f3stico em novembro do ano passado<\/a>. Ela descobriu o tumor pouco tempo ap\u00f3s interpretar uma personagem com a mesma doen\u00e7a no filme Milagre do Destino. \u201c[\u2026] O filme estreou em fevereiro desse ano e em mar\u00e7o fizemos uma campanha nacional incentivando a doa\u00e7\u00e3o de sangue e medula: um sucesso. Alguns meses depois, a batalha que na arte retratei, come\u00e7ou a fazer parte da minha vida. Hoje tenho um c\u00e2ncer para chamar de meu. Pegou voc\u00eas de surpresa, n\u00e9? Me pegou tamb\u00e9m\u201d, disse ela em um trecho.<\/p>\n<p><strong>Confira:<\/strong><\/p>\n<p> <img loading=\"lazy\" decoding=\"async\" class=\"size-full wp-image-1054410 img-fluid lazy\" alt=\"Dani Gondim fala sobre alta hospitalar \" width=\"700\" height=\"1244\" src=\"https:\/\/www.europesays.com\/pt\/wp-content\/uploads\/2026\/01\/dani-gondim-fala-da-alta.jpg\"  \/>Dani Gondim fala sobre alta hospitalar \u2013 Foto: Instagram  <\/p>\n<p>O ano de 2025 de Dani Gondim poderia ser facilmente confundido com um roteiro de cinema, mas a realidade imp\u00f4s \u00e0 atriz cearense, de 31 anos, desafios que nem mesmo a fic\u00e7\u00e3o foi capaz de prever em sua totalidade.\u00a0Meses antes de descobrir um c\u00e2ncer no mediastino, ela deu vida a Mar\u00edlia Alvarez no filme Milagre do Destino. Na obra, a artista interpretou uma rep\u00f3rter, inspirada na jornalista Marina Alves, que enfrentava exatamente a mesma doen\u00e7a.<\/p>\n<p>Em entrevista exclusiva para a CARAS Brasil, Dani reflete sobre a simetria dolorosa e, ao mesmo tempo, fortalecedora entre sua carreira e sua sa\u00fade. Se 2025 foi o ano do impacto e da resist\u00eancia, 2026 surge no horizonte como o per\u00edodo do \u201cacolhimento\u201d, palavra que ela escolheu como norte para o ciclo que se inicia. <a href=\"https:\/\/caras.com.br\/atualidades\/diagnosticada-com-cancer-dani-gondim-reflete-quero-deixar-em-2025-o-peso-da-culpa.phtml\" target=\"_blank\" rel=\"noopener nofollow\"><strong>Confira a entrevista!<\/strong><\/a><\/p>\n<p><strong>Leia tamb\u00e9m:<\/strong> <a href=\"https:\/\/caras.com.br\/bem-estar\/atriz-descobre-cancer-apos-viver-personagem-com-a-doenca-no-cinema.phtml\" target=\"_blank\" rel=\"noopener nofollow\">Ap\u00f3s diagn\u00f3stico de c\u00e2ncer, apresentador revela descoberta de s\u00edndrome rara<\/a><\/p>\n<p>        <a href=\"https:\/\/caras.com.br\/autor\/daniela-santos\" rel=\"nofollow noopener\" target=\"_blank\">&#13;<br \/>\n          <img loading=\"lazy\" decoding=\"async\" alt=\"Daniela Santos\" src=\"https:\/\/www.europesays.com\/pt\/wp-content\/uploads\/2025\/09\/1758949148_187_daniela-santos_sqmd.jpg\" class=\"avatar avatar-115 photo rounded-circle\" height=\"115\" width=\"115\"\/>        <\/a><\/p>\n<p><b>Daniela Santos<\/b> \u00e9 rep\u00f3rter do site CARAS. Formada em jornalismo pela FIAM FAAM, atua na \u00e1rea de celebridades e TV desde 2018<\/p>\n","protected":false},"excerpt":{"rendered":"Dani Gondim usou as redes sociais nesta quarta-feira, 7, para dividir uma boa not\u00edcia com seus seguidores. A&hellip;\n","protected":false},"author":2,"featured_media":220012,"comment_status":"","ping_status":"","sticky":false,"template":"","format":"standard","meta":{"footnotes":""},"categories":[145],"tags":[1776,211,210,42632,114,115,32,33,117,1130],"class_list":{"0":"post-220011","1":"post","2":"type-post","3":"status-publish","4":"format-standard","5":"has-post-thumbnail","7":"category-celebridades","8":"tag-cancer","9":"tag-celebridades","10":"tag-celebrities","11":"tag-dani-gondim","12":"tag-entertainment","13":"tag-entretenimento","14":"tag-portugal","15":"tag-pt","16":"tag-saude","17":"tag-tratamento"},"share_on_mastodon":{"url":"https:\/\/pubeurope.com\/@pt\/115857111275258300","error":""},"_links":{"self":[{"href":"https:\/\/www.europesays.com\/pt\/wp-json\/wp\/v2\/posts\/220011","targetHints":{"allow":["GET"]}}],"collection":[{"href":"https:\/\/www.europesays.com\/pt\/wp-json\/wp\/v2\/posts"}],"about":[{"href":"https:\/\/www.europesays.com\/pt\/wp-json\/wp\/v2\/types\/post"}],"author":[{"embeddable":true,"href":"https:\/\/www.europesays.com\/pt\/wp-json\/wp\/v2\/users\/2"}],"replies":[{"embeddable":true,"href":"https:\/\/www.europesays.com\/pt\/wp-json\/wp\/v2\/comments?post=220011"}],"version-history":[{"count":0,"href":"https:\/\/www.europesays.com\/pt\/wp-json\/wp\/v2\/posts\/220011\/revisions"}],"wp:featuredmedia":[{"embeddable":true,"href":"https:\/\/www.europesays.com\/pt\/wp-json\/wp\/v2\/media\/220012"}],"wp:attachment":[{"href":"https:\/\/www.europesays.com\/pt\/wp-json\/wp\/v2\/media?parent=220011"}],"wp:term":[{"taxonomy":"category","embeddable":true,"href":"https:\/\/www.europesays.com\/pt\/wp-json\/wp\/v2\/categories?post=220011"},{"taxonomy":"post_tag","embeddable":true,"href":"https:\/\/www.europesays.com\/pt\/wp-json\/wp\/v2\/tags?post=220011"}],"curies":[{"name":"wp","href":"https:\/\/api.w.org\/{rel}","templated":true}]}}