{"id":220021,"date":"2026-01-08T02:46:07","date_gmt":"2026-01-08T02:46:07","guid":{"rendered":"https:\/\/www.europesays.com\/pt\/220021\/"},"modified":"2026-01-08T02:46:07","modified_gmt":"2026-01-08T02:46:07","slug":"plantel-do-benfica-passa-noite-no-seixal-que-nao-durmam-e-pensem-muito","status":"publish","type":"post","link":"https:\/\/www.europesays.com\/pt\/220021\/","title":{"rendered":"Plantel do Benfica passa noite no Seixal: \u00abQue n\u00e3o durmam e pensem muito\u00bb"},"content":{"rendered":"<p>\t                Depois da derrota com o Sporting de Braga<\/p>\n<p>O plantel do Benfica vai passar a noite desta quarta-feira no Seixal, ap\u00f3s a <a href=\"https:\/\/maisfutebol.iol.pt\/jogo\/aominuto\/13826203\" target=\"_blank\" rel=\"nofollow noopener\"><strong>derrota por 3-1 ante o Sporting de Braga<\/strong><\/a>, em Leiria, em jogo das meias-finais da Ta\u00e7a da Liga.<\/p>\n<p>Isso mesmo foi confirmado pelo treinador do Benfica, Jos\u00e9 Mourinho, na confer\u00eancia de imprensa ap\u00f3s o jogo e na v\u00e9spera da continuidade dos trabalhos no Benfica Campus. Agora, de olho no pr\u00f3ximo jogo, dentro de uma semana, ante o FC Porto.<\/p>\n<p style=\"margin-bottom:11px\">\u00abN\u00f3s hoje, pensando que jogar\u00edamos a final, porque somos otimistas na nossa prepara\u00e7\u00e3o, n\u00e3o vamos para casa e vamos para o Seixal. Os jogadores v\u00e3o dormir no Seixal, amanh\u00e3 h\u00e1 trabalho, mas n\u00e3o h\u00e1 jogo no s\u00e1bado. N\u00e3o havendo jogo no s\u00e1bado, o pr\u00f3ximo \u00e9 contra o FC Porto. A partir de agora cada um de n\u00f3s vai para o Seixal e desejo que os jogadores durmam como eu. Ou seja, n\u00e3o durmam. E pensem muito como eu vou pensar. E amanh\u00e3 vamos conversar. No balne\u00e1rio foi um mon\u00f3logo. Eu n\u00e3o gosto de mon\u00f3logos. Vamos l\u00e1 para o Seixal a pensar que podemos ganhar o jogo contra o FC Porto.\u00bb<\/p>\n<p>Os encarnados, que t\u00eam, al\u00e9m dos lesionados, mais uma aus\u00eancia por castigo no cl\u00e1ssico \u2013 <a href=\"https:\/\/maisfutebol.iol.pt\/benfica\/otamendi\/benfica-otamendi-falha-jogo-com-o-fc-porto-no-dragao\" target=\"_blank\" rel=\"nofollow noopener\"><strong>Nicol\u00e1s Otamendi foi expulso ante o Sp. Braga<\/strong><\/a> \u2013 visitam o Est\u00e1dio do Drag\u00e3o na pr\u00f3xima quarta-feira, dia 14, pelas 20h45, para os quartos de final da Ta\u00e7a de Portugal.<\/p>\n","protected":false},"excerpt":{"rendered":"Depois da derrota com o Sporting de Braga O plantel do Benfica vai passar a noite desta quarta-feira&hellip;\n","protected":false},"author":2,"featured_media":220022,"comment_status":"","ping_status":"","sticky":false,"template":"","format":"standard","meta":{"footnotes":""},"categories":[87],"tags":[609,836,611,51,12101,27,607,608,333,832,604,135,610,476,301,830,1385,603,570,831,833,7864,62,834,13,835,602,52,32,33,20028,134,29],"class_list":{"0":"post-220021","1":"post","2":"type-post","3":"status-publish","4":"format-standard","5":"has-post-thumbnail","7":"category-desporto","8":"tag-alerta","9":"tag-analise","10":"tag-ao-minuto","11":"tag-benfica","12":"tag-benfica-campus","13":"tag-breaking-news","14":"tag-cnn","15":"tag-cnn-portugal","16":"tag-comentadores","17":"tag-costa","18":"tag-crime","19":"tag-desporto","20":"tag-direto","21":"tag-economia","22":"tag-governo","23":"tag-guerra","24":"tag-jose-mourinho","25":"tag-justica","26":"tag-live","27":"tag-mais-vistas","28":"tag-marcelo","29":"tag-mourinho","30":"tag-mundo","31":"tag-negocios","32":"tag-noticias","33":"tag-opiniao","34":"tag-pais","35":"tag-politica","36":"tag-portugal","37":"tag-pt","38":"tag-seixal","39":"tag-sports","40":"tag-ultimas"},"share_on_mastodon":{"url":"https:\/\/pubeurope.com\/@pt\/115857193921699687","error":""},"_links":{"self":[{"href":"https:\/\/www.europesays.com\/pt\/wp-json\/wp\/v2\/posts\/220021","targetHints":{"allow":["GET"]}}],"collection":[{"href":"https:\/\/www.europesays.com\/pt\/wp-json\/wp\/v2\/posts"}],"about":[{"href":"https:\/\/www.europesays.com\/pt\/wp-json\/wp\/v2\/types\/post"}],"author":[{"embeddable":true,"href":"https:\/\/www.europesays.com\/pt\/wp-json\/wp\/v2\/users\/2"}],"replies":[{"embeddable":true,"href":"https:\/\/www.europesays.com\/pt\/wp-json\/wp\/v2\/comments?post=220021"}],"version-history":[{"count":0,"href":"https:\/\/www.europesays.com\/pt\/wp-json\/wp\/v2\/posts\/220021\/revisions"}],"wp:featuredmedia":[{"embeddable":true,"href":"https:\/\/www.europesays.com\/pt\/wp-json\/wp\/v2\/media\/220022"}],"wp:attachment":[{"href":"https:\/\/www.europesays.com\/pt\/wp-json\/wp\/v2\/media?parent=220021"}],"wp:term":[{"taxonomy":"category","embeddable":true,"href":"https:\/\/www.europesays.com\/pt\/wp-json\/wp\/v2\/categories?post=220021"},{"taxonomy":"post_tag","embeddable":true,"href":"https:\/\/www.europesays.com\/pt\/wp-json\/wp\/v2\/tags?post=220021"}],"curies":[{"name":"wp","href":"https:\/\/api.w.org\/{rel}","templated":true}]}}