{"id":220046,"date":"2026-01-08T03:29:10","date_gmt":"2026-01-08T03:29:10","guid":{"rendered":"https:\/\/www.europesays.com\/pt\/220046\/"},"modified":"2026-01-08T03:29:10","modified_gmt":"2026-01-08T03:29:10","slug":"juiz-nega-sigilo-em-processo-de-virginia-nao-esta-preocupada-em-preservar-intimidade-terra","status":"publish","type":"post","link":"https:\/\/www.europesays.com\/pt\/220046\/","title":{"rendered":"Juiz nega sigilo em processo de Virginia: &#039;N\u00e3o est\u00e1 preocupada em preservar intimidade&#039; &#8211; Terra"},"content":{"rendered":"<ol>\n<li><a href=\"https:\/\/news.google.com\/rss\/articles\/CBMi_wFBVV95cUxQRWVlbWc2aGpWemRxVDZMdnVlTDExd0RvaHUyRXZXdWdqVXRPcUJRVDJ4Q2NSeFh6X2ZXSGxrXzFMaXRDNnZoQnRfeHpSa0ZOWjZrWHFqX3UyYTN1eDlPSnBZSWRpb0tsOHNRMHh0dFFoMjV1SG9CMTRCVTl3dXZ0cUVMd0FEbE5NYzJvcWpWQjlpb09YaGY2d1U3SVVPZU96QnhUcVl4Q0Q3QjZ5eldKaUZpczlhVnhGbnNsNmk0RlR4ZUoydEZCdWlGeXFzNC1WaGkxTk9nNFg0T0VSajhES3R4QS1DeGsycndDZVgtc2k0aVJkM0JNMHVJYWh2UVU?oc=5\" target=\"_blank\" rel=\"nofollow noopener\">Juiz nega sigilo em processo de Virginia: &#8216;N\u00e3o est\u00e1 preocupada em preservar intimidade&#8217;<\/a>&nbsp;&nbsp;Terra<\/li>\n<li><a href=\"https:\/\/news.google.com\/rss\/articles\/CBMinwJBVV95cUxNZ01veHlpR242dHdITER6R3hUU0I5VE83YzZvUHdYT0lYMGNqcElLNDN5OW9US0kzRnBFWTdQQzB4c2tuZ2lHZ0pUQjJLZHZGSG5obE1wT2dDVlhidlYtX1NkZFd2ZkJqbXpXZlYwQ1JyekpMMVFpM2NVRllKREJ4a2pfcGs0MnNXQlQ4Y3ZXY0pMcE5oR01XYmVzVHBCMFJZZXVkZ2x1RkI4aDlmTkQxaFRkcHVIaElOd3RRaGZXTG5Gel95ODRuR25pejNacHJiWWNZT3lOaG11M0w4bnJWUWhxVjJkakFhOVRoV0lWYXpWaGZ0XzAyZGZJWTJ3NlQ1d2VaeXJkS1ppcTJQeVh3ZzRqTWRVSnc1U3hsY0d0NNIBrgJBVV95cUxQcnkzek44bTBhdy0xV0RjUGdfcE9hS1N4UEdZSDhXLU82YVl1U3NNdVp3UFJPdkVCZ3hndnQwa3JqdWZLcW83TzRMbERnWmdIVW1la1FWYWVLeFB1cHlsZEVTNnlxRzFielNBUnZvSERrQjcyVUNzOWt1cms1eUxiZHJRdHk2V1lFVkZfaVRkUWx4MXRDOFd4RGNmVHJ2UU93ZGFNRW9JYzFZWWNzQ2RUb21EamhhQkUxYUZ0bFU0TVlub2xLYk1tQ3lwRjJaUHBVV01tU2dnX1FWeW5EdnkyQWJRV3d1QWRLcmh0NjFqb3NxVW1TOG8wY1VNQ1BRZ3daX0ZBSG1KeUIzbmkyYTU0M3NTQ19tYy1kNWZ6Znlsek5pQWNFdGxyY1h6cXkzZw?oc=5\" target=\"_blank\" rel=\"nofollow noopener\">Juiz nega sigilo pedido por Virginia e Z\u00e9 Felipe em a\u00e7\u00e3o sobre mans\u00e3o em Goi\u00e2nia: \u2018N\u00e3o busca preservar intimidade\u2019<\/a>&nbsp;&nbsp;G1<\/li>\n<li><a href=\"https:\/\/news.google.com\/rss\/articles\/CBMiowFBVV95cUxQMXZOM09HZGhkV0VNY2hfdlM4aTdCbE9TM195S2FMM1hVUFg1VWROZVhBeUR3YVh5N1UyN0hwQTFtWXc3YmwzaHNCamFjRjcycjBuQy1ET0kwczVqTjd4SC10STNuak1zWEFkaXd5am9ZOXoxQmtnR2dHTDhVUUFTYjNOUVI2S3d4dmZVTFZ1SmpCZ1B5NkVJRlFBTkl0OFc2bGUw?oc=5\" target=\"_blank\" rel=\"nofollow noopener\">O pedido de Virg\u00ednia Fonseca e Z\u00e9 Felipe negado por juiz<\/a>&nbsp;&nbsp;VEJA<\/li>\n<li><a href=\"https:\/\/news.google.com\/rss\/articles\/CBMiuAFBVV95cUxNN3VlU2VkUEVrSGE0bmMySnZ4cV8wSnF0MVh6aE5LNGJDcWk4Sk1GN1VsZEtMT1RKeXIzcm5TZXozQ2N1ZW5SNTdlbGNJeGF0V1d1aWZ0Nm1zX1ZlN0o2MnFYa1dGczhXNW5jTURTMC13Qkw3U2tfenlWZ3ZWdUNyem5DWWlRSU5qTGdBa1IwdUJuVmxPQi1QM3RwazdZU0ltNEVMTkdXMUdtVmhibkhpc0J4b3U5WmFT?oc=5\" target=\"_blank\" rel=\"nofollow noopener\">Juiz nega sigilo a Virginia: &#8220;N\u00e3o se preocupa em preservar intimidade&#8221;<\/a>&nbsp;&nbsp;Metr\u00f3poles<\/li>\n<li><a href=\"https:\/\/news.google.com\/rss\/articles\/CBMi3wFBVV95cUxPTmc4Z0MtNEdERlJGbHJ4UHRMZGtER25QZUlrUE9ZN1k1Mkx6alFIV0NnUWVDOTZwRWRIa09OUXBJcHE2Tkdqa3loWlBlODRjNWIxYWI5VDFwZWo5WEZNMWlKZnctY2hNWFhJelZmTF9NQzk2NnFjXzJsU2lMaEJWMFVneFAwMGtJS2MxbEVibHZDX3BXbVdFeTV5LUhaWVZQOUEtTjZUaVNEQVJnZnBNVkh1NERORDRiM18tUkNBZllZWnNRU00xVGVhbEI2eEdWelNkZ0RYYy10QlBjVU800gHkAUFVX3lxTE5tcWNrbWc2NGozcW5ZXzNvT0NxQnlmN2FqYXhqWmFyTzRyQ0Jnd0I2MXB6T1g4MXhYMm0wMW9oaUxnYTFMR0ZNR1BETkJOOHhyd1pNOHFaUW5qcV9YdmlycnpyeTBDZ0pHOGhXXzhzX0NlczJHYjZWZHRORkYxVWg4VXkyblhLZjBQZ243MHM1ZnFnenp1MHhwOFIxSjVpVkZpU0RJdE9jbkRsTFVUVkJMelZyS0k0T0FhSnJNVEpkc3hZa0hTVk52a1A4dDktMkpPaVRaUUpxN1ZiR0dFNHdSbTFWaA?oc=5\" target=\"_blank\" rel=\"nofollow noopener\">&#8220;Faz ultrassom ao vivo&#8221;: Juiz exp\u00f5e Virginia Fonseca ao negar sigilo em processo de mans\u00e3o<\/a>&nbsp;&nbsp;NaTelinha<\/li>\n<\/ol>\n","protected":false},"excerpt":{"rendered":"Juiz nega sigilo em processo de Virginia: &#8216;N\u00e3o est\u00e1 preocupada em preservar intimidade&#8217;&nbsp;&nbsp;Terra Juiz nega sigilo pedido por&hellip;\n","protected":false},"author":2,"featured_media":196976,"comment_status":"","ping_status":"","sticky":false,"template":"","format":"standard","meta":{"footnotes":""},"categories":[145],"tags":[211,210,114,115,32,33],"class_list":{"0":"post-220046","1":"post","2":"type-post","3":"status-publish","4":"format-standard","5":"has-post-thumbnail","7":"category-celebridades","8":"tag-celebridades","9":"tag-celebrities","10":"tag-entertainment","11":"tag-entretenimento","12":"tag-portugal","13":"tag-pt"},"share_on_mastodon":{"url":"https:\/\/pubeurope.com\/@pt\/115857362977856629","error":""},"_links":{"self":[{"href":"https:\/\/www.europesays.com\/pt\/wp-json\/wp\/v2\/posts\/220046","targetHints":{"allow":["GET"]}}],"collection":[{"href":"https:\/\/www.europesays.com\/pt\/wp-json\/wp\/v2\/posts"}],"about":[{"href":"https:\/\/www.europesays.com\/pt\/wp-json\/wp\/v2\/types\/post"}],"author":[{"embeddable":true,"href":"https:\/\/www.europesays.com\/pt\/wp-json\/wp\/v2\/users\/2"}],"replies":[{"embeddable":true,"href":"https:\/\/www.europesays.com\/pt\/wp-json\/wp\/v2\/comments?post=220046"}],"version-history":[{"count":0,"href":"https:\/\/www.europesays.com\/pt\/wp-json\/wp\/v2\/posts\/220046\/revisions"}],"wp:featuredmedia":[{"embeddable":true,"href":"https:\/\/www.europesays.com\/pt\/wp-json\/wp\/v2\/media\/196976"}],"wp:attachment":[{"href":"https:\/\/www.europesays.com\/pt\/wp-json\/wp\/v2\/media?parent=220046"}],"wp:term":[{"taxonomy":"category","embeddable":true,"href":"https:\/\/www.europesays.com\/pt\/wp-json\/wp\/v2\/categories?post=220046"},{"taxonomy":"post_tag","embeddable":true,"href":"https:\/\/www.europesays.com\/pt\/wp-json\/wp\/v2\/tags?post=220046"}],"curies":[{"name":"wp","href":"https:\/\/api.w.org\/{rel}","templated":true}]}}