{"id":220061,"date":"2026-01-08T04:08:10","date_gmt":"2026-01-08T04:08:10","guid":{"rendered":"https:\/\/www.europesays.com\/pt\/220061\/"},"modified":"2026-01-08T04:08:10","modified_gmt":"2026-01-08T04:08:10","slug":"fc-porto-fez-proposta-de-8-milhoes-de-euros-por-ze-lucas","status":"publish","type":"post","link":"https:\/\/www.europesays.com\/pt\/220061\/","title":{"rendered":"FC Porto fez proposta de 8 milh\u00f5es de euros por Z\u00e9 Lucas"},"content":{"rendered":"<p>&#8211; Advertisement &#8211;<\/p>\n<p><strong>O FC Porto apresentou uma proposta de oito milh\u00f5es de euros por Z\u00e9 Lucas. O Sport rejeitou a oferta do emblema do Drag\u00e3o.<\/strong><\/p>\n<p>Z\u00e9 Lucas \u00e9 alvo do FC Porto. De acordo com o jornalista Ven\u00ea Casagrande, o emblema do Drag\u00e3o apresentou uma proposta de oito milh\u00f5es de euros pelo m\u00e9dio, mas a mesma foi rejeitada pelo Sport, que pretende receber 15 milh\u00f5es de euros pela jovem promessa.<\/p>\n<p>O Flamengo j\u00e1 tinha feito uma oferta pelo jogador e <a href=\"https:\/\/bolanarede.pt\/especial-bola-na-rede\/atualidade\/barcelona-atento-a-jovem-de-17-anos-que-esta-a-brilhar-no-brasil\/\" target=\"_blank\" rel=\"noreferrer noopener nofollow\">o Barcelona est\u00e1 atento ao seu desenvolvimento<\/a>. Z\u00e9 Lucas tem apenas 17 anos e na \u00faltima temporada somou 34 encontros, sem qualquer golo, mas n\u00e3o evitou que a forma\u00e7\u00e3o do Recife tenha sido despromovida \u00e0 S\u00e9rie B do Brasileir\u00e3o.<\/p>\n<p>Z\u00e9 Lucas \u00e9 m\u00e9dio defensivo e tem um valor de mercado de oito milh\u00f5es de euros, segundo o Transfermarkt.<\/p>\n","protected":false},"excerpt":{"rendered":"&#8211; Advertisement &#8211; O FC Porto apresentou uma proposta de oito milh\u00f5es de euros por Z\u00e9 Lucas. O&hellip;\n","protected":false},"author":2,"featured_media":40809,"comment_status":"","ping_status":"","sticky":false,"template":"","format":"standard","meta":{"footnotes":""},"categories":[87],"tags":[260,1235,135,478,282,32,479,33,2686,134,42638],"class_list":{"0":"post-220061","1":"post","2":"type-post","3":"status-publish","4":"format-standard","5":"has-post-thumbnail","7":"category-desporto","8":"tag-atualidade","9":"tag-barcelona","10":"tag-desporto","11":"tag-destaques-bnr","12":"tag-fc-porto","13":"tag-portugal","14":"tag-primeira-liga","15":"tag-pt","16":"tag-sport","17":"tag-sports","18":"tag-ze-lucas"},"share_on_mastodon":{"url":"https:\/\/pubeurope.com\/@pt\/115857516401082345","error":""},"_links":{"self":[{"href":"https:\/\/www.europesays.com\/pt\/wp-json\/wp\/v2\/posts\/220061","targetHints":{"allow":["GET"]}}],"collection":[{"href":"https:\/\/www.europesays.com\/pt\/wp-json\/wp\/v2\/posts"}],"about":[{"href":"https:\/\/www.europesays.com\/pt\/wp-json\/wp\/v2\/types\/post"}],"author":[{"embeddable":true,"href":"https:\/\/www.europesays.com\/pt\/wp-json\/wp\/v2\/users\/2"}],"replies":[{"embeddable":true,"href":"https:\/\/www.europesays.com\/pt\/wp-json\/wp\/v2\/comments?post=220061"}],"version-history":[{"count":0,"href":"https:\/\/www.europesays.com\/pt\/wp-json\/wp\/v2\/posts\/220061\/revisions"}],"wp:featuredmedia":[{"embeddable":true,"href":"https:\/\/www.europesays.com\/pt\/wp-json\/wp\/v2\/media\/40809"}],"wp:attachment":[{"href":"https:\/\/www.europesays.com\/pt\/wp-json\/wp\/v2\/media?parent=220061"}],"wp:term":[{"taxonomy":"category","embeddable":true,"href":"https:\/\/www.europesays.com\/pt\/wp-json\/wp\/v2\/categories?post=220061"},{"taxonomy":"post_tag","embeddable":true,"href":"https:\/\/www.europesays.com\/pt\/wp-json\/wp\/v2\/tags?post=220061"}],"curies":[{"name":"wp","href":"https:\/\/api.w.org\/{rel}","templated":true}]}}