{"id":220071,"date":"2026-01-08T04:36:12","date_gmt":"2026-01-08T04:36:12","guid":{"rendered":"https:\/\/www.europesays.com\/pt\/220071\/"},"modified":"2026-01-08T04:36:12","modified_gmt":"2026-01-08T04:36:12","slug":"manchester-united-tentou-contratar-treinador-antes-de-avancar-com-interino","status":"publish","type":"post","link":"https:\/\/www.europesays.com\/pt\/220071\/","title":{"rendered":"Manchester United tentou contratar treinador antes de avan\u00e7ar com interino"},"content":{"rendered":"<p>&#8211; Advertisement &#8211;<\/p>\n<p><strong>O Manchester United dever\u00e1 confirmar Ole Gunnar Solskjaer como treinador at\u00e9 ao final da temporada, mas tentou um nome antes de avan\u00e7ar pelo noruegu\u00eas.<\/strong><\/p>\n<p>O Manchester United encontra-se em processo de mudan\u00e7as, <a href=\"https:\/\/bolanarede.pt\/especial-bola-na-rede\/atualidade\/manchester-united-fabrizio-romano-revela-que-conversacoes-com-provavel-sucessor-de-ruben-amorim-decorrem-de-maneira-muito-positiva\/\" target=\"_blank\" rel=\"noreferrer noopener nofollow\">encontrando-se em negocia\u00e7\u00f5es avan\u00e7adas com Ole Gunnar Solskjaer<\/a>, para que o antigo avan\u00e7ado assuma o posto de interino at\u00e9 ao final da temporada. Por\u00e9m, a ideia inicial dos red devils n\u00e3o era precisamente esta.<\/p>\n<p>Os ingleses entraram em contacto com Simone Inzaghi, que atualmente orienta o Al Hilal, de maneira a saber a disponibilidade do italiano, que rejeitou deixar o projeto do emblema da Ar\u00e1bia Saudita, segundo Nicol\u00f2 Schira. O Manchester United optou assim por contratar um t\u00e9cnico interino.<\/p>\n<p>O Manchester United ocupa a sexta posi\u00e7\u00e3o da Premier League. No embate frente ao Burnley, Darren Fletcher vai estar no banco de suplentes. <\/p>\n","protected":false},"excerpt":{"rendered":"&#8211; Advertisement &#8211; O Manchester United dever\u00e1 confirmar Ole Gunnar Solskjaer como treinador at\u00e9 ao final da temporada,&hellip;\n","protected":false},"author":2,"featured_media":220072,"comment_status":"","ping_status":"","sticky":false,"template":"","format":"standard","meta":{"footnotes":"","_share_on_mastodon":"0"},"categories":[87],"tags":[260,135,478,663,32,666,33,1052,42639,134],"class_list":["post-220071","post","type-post","status-publish","format-standard","has-post-thumbnail","category-desporto","tag-atualidade","tag-desporto","tag-destaques-bnr","tag-manchester-united","tag-portugal","tag-premier-league","tag-pt","tag-ruben-amorim","tag-simone-inzaghi","tag-sports"],"share_on_mastodon":{"url":"https:\/\/pubeurope.com\/@pt\/115857626458202627","error":""},"_links":{"self":[{"href":"https:\/\/www.europesays.com\/pt\/wp-json\/wp\/v2\/posts\/220071","targetHints":{"allow":["GET"]}}],"collection":[{"href":"https:\/\/www.europesays.com\/pt\/wp-json\/wp\/v2\/posts"}],"about":[{"href":"https:\/\/www.europesays.com\/pt\/wp-json\/wp\/v2\/types\/post"}],"author":[{"embeddable":true,"href":"https:\/\/www.europesays.com\/pt\/wp-json\/wp\/v2\/users\/2"}],"replies":[{"embeddable":true,"href":"https:\/\/www.europesays.com\/pt\/wp-json\/wp\/v2\/comments?post=220071"}],"version-history":[{"count":0,"href":"https:\/\/www.europesays.com\/pt\/wp-json\/wp\/v2\/posts\/220071\/revisions"}],"wp:featuredmedia":[{"embeddable":true,"href":"https:\/\/www.europesays.com\/pt\/wp-json\/wp\/v2\/media\/220072"}],"wp:attachment":[{"href":"https:\/\/www.europesays.com\/pt\/wp-json\/wp\/v2\/media?parent=220071"}],"wp:term":[{"taxonomy":"category","embeddable":true,"href":"https:\/\/www.europesays.com\/pt\/wp-json\/wp\/v2\/categories?post=220071"},{"taxonomy":"post_tag","embeddable":true,"href":"https:\/\/www.europesays.com\/pt\/wp-json\/wp\/v2\/tags?post=220071"}],"curies":[{"name":"wp","href":"https:\/\/api.w.org\/{rel}","templated":true}]}}