{"id":220093,"date":"2026-01-08T05:24:21","date_gmt":"2026-01-08T05:24:21","guid":{"rendered":"https:\/\/www.europesays.com\/pt\/220093\/"},"modified":"2026-01-08T05:24:21","modified_gmt":"2026-01-08T05:24:21","slug":"estudo-italiano-detecta-1a-galaxia-fantasma-e-abre-janela-para-materia-escura-ciencia-e-tecnologia","status":"publish","type":"post","link":"https:\/\/www.europesays.com\/pt\/220093\/","title":{"rendered":"Estudo italiano detecta 1\u00aa &#8216;gal\u00e1xia fantasma&#8217; e abre janela para mat\u00e9ria escura &#8211; Ci\u00eancia e Tecnologia"},"content":{"rendered":"<p>Uma equipe internacional de cientistas liderada por Alejandro Benitez-Llambay, do departamento de f\u00edsica da Universidade de Mil\u00e3o-Bicocca, em colabora\u00e7\u00e3o com pesquisadores do Canad\u00e1 e dos Estados Unidos, anunciou a detec\u00e7\u00e3o da primeira &#8220;<a href=\"https:\/\/ansabrasil.com.br\/brasil\/noticias\/ciencia_e_tecnologia\/2025\/03\/20\/astronomos-identificam-oxigenio-na-galaxia-mais-antiga-ja-vista_a29e0bfd-71ea-4cf5-ac50-8364c7289596.html\" target=\"_blank\" rel=\"noopener nofollow\"><strong>gal\u00e1xia<\/strong><\/a> fantasma&#8221; observada na astronomia.<\/p>\n<p>Trata-se de Cloud-9, um imenso halo de mat\u00e9ria escura e g\u00e1s hidrog\u00eanio, totalmente desprovido de estrelas, localizado a cerca de 14 milh\u00f5es de anos-luz da Terra, nas proximidades da gal\u00e1xia espiral M94.<\/p>\n<p>O estudo, publicado na revista The Astrophysical Journal Letters, descreve Cloud-9 como o primeiro candidato definitivo a um objeto do tipo Relhic (acr\u00f4nimo em ingl\u00eas para nuvem de hidrog\u00eanio limitada por reioniza\u00e7\u00e3o).<\/p>\n<p>Essa classe de objetos, prevista pela teoria cosmol\u00f3gica de refer\u00eancia, mas nunca antes observada, consiste em halos massivos o bastante para reter g\u00e1s, mas n\u00e3o o suficiente para superar a press\u00e3o t\u00e9rmica e iniciar o processo de forma\u00e7\u00e3o estelar. O resultado \u00e9 o que os cientistas chamam de uma &#8220;gal\u00e1xia fracassada&#8221; ou &#8220;gal\u00e1xia fantasma&#8221;.<\/p>\n<p>&#8220;Apesar de sua massa e da presen\u00e7a de g\u00e1s, Cloud-9 n\u00e3o \u00e9 uma gal\u00e1xia. Nesta \u00e1rea, que se estende por mais de 4,5 mil anos-luz, n\u00e3o brilha uma \u00fanica estrela&#8221;, explicou Benitez-Llambay.<\/p>\n<p>A jornada para desvendar o enigma come\u00e7ou em 2023, com a primeira detec\u00e7\u00e3o do objeto pelo radiotelesc\u00f3pio Fast, na China, o maior do mundo, com 500 metros de di\u00e2metro. Ap\u00f3s esta pista inicial, os pesquisadores direcionaram o poderoso radiotelesc\u00f3pio Karl G. Jansky Very Large Array (VLA), nos Estados Unidos, para observ\u00e1-lo.<\/p>\n<p>A confirma\u00e7\u00e3o final chegou com o telesc\u00f3pio espacial Hubble, que foi direcionado para essa regi\u00e3o escura durante oito \u00f3rbitas completas (cerca de 13 horas) de observa\u00e7\u00e3o profunda.<\/p>\n<p>Segundo os pesquisadores, o Cloud-9 pode ser uma janela interessante para estudar as propriedades da mat\u00e9ria escura, o misterioso componente c\u00f3smico observ\u00e1vel somente por meio de seus efeitos gravitacionais, bem como para entender por que algumas gal\u00e1xias se formam e outras n\u00e3o.<\/p>\n<p class=\"article-copyright\">\nTODOS OS DIREITOS RESERVADOS \u00a9 Copyright ANSA<\/p>\n","protected":false},"excerpt":{"rendered":"Uma equipe internacional de cientistas liderada por Alejandro Benitez-Llambay, do departamento de f\u00edsica da Universidade de Mil\u00e3o-Bicocca, em&hellip;\n","protected":false},"author":2,"featured_media":220094,"comment_status":"","ping_status":"","sticky":false,"template":"","format":"standard","meta":{"footnotes":""},"categories":[84],"tags":[109,107,108,32,33,105,103,104,106,110],"class_list":{"0":"post-220093","1":"post","2":"type-post","3":"status-publish","4":"format-standard","5":"has-post-thumbnail","7":"category-ciencia-e-tecnologia","8":"tag-ciencia","9":"tag-ciencia-e-tecnologia","10":"tag-cienciaetecnologia","11":"tag-portugal","12":"tag-pt","13":"tag-science","14":"tag-science-and-technology","15":"tag-scienceandtechnology","16":"tag-technology","17":"tag-tecnologia"},"share_on_mastodon":{"url":"https:\/\/pubeurope.com\/@pt\/115857815111432263","error":""},"_links":{"self":[{"href":"https:\/\/www.europesays.com\/pt\/wp-json\/wp\/v2\/posts\/220093","targetHints":{"allow":["GET"]}}],"collection":[{"href":"https:\/\/www.europesays.com\/pt\/wp-json\/wp\/v2\/posts"}],"about":[{"href":"https:\/\/www.europesays.com\/pt\/wp-json\/wp\/v2\/types\/post"}],"author":[{"embeddable":true,"href":"https:\/\/www.europesays.com\/pt\/wp-json\/wp\/v2\/users\/2"}],"replies":[{"embeddable":true,"href":"https:\/\/www.europesays.com\/pt\/wp-json\/wp\/v2\/comments?post=220093"}],"version-history":[{"count":0,"href":"https:\/\/www.europesays.com\/pt\/wp-json\/wp\/v2\/posts\/220093\/revisions"}],"wp:featuredmedia":[{"embeddable":true,"href":"https:\/\/www.europesays.com\/pt\/wp-json\/wp\/v2\/media\/220094"}],"wp:attachment":[{"href":"https:\/\/www.europesays.com\/pt\/wp-json\/wp\/v2\/media?parent=220093"}],"wp:term":[{"taxonomy":"category","embeddable":true,"href":"https:\/\/www.europesays.com\/pt\/wp-json\/wp\/v2\/categories?post=220093"},{"taxonomy":"post_tag","embeddable":true,"href":"https:\/\/www.europesays.com\/pt\/wp-json\/wp\/v2\/tags?post=220093"}],"curies":[{"name":"wp","href":"https:\/\/api.w.org\/{rel}","templated":true}]}}