{"id":220202,"date":"2026-01-08T08:17:18","date_gmt":"2026-01-08T08:17:18","guid":{"rendered":"https:\/\/www.europesays.com\/pt\/220202\/"},"modified":"2026-01-08T08:17:18","modified_gmt":"2026-01-08T08:17:18","slug":"david-jurasek-custou-14-milhoes-de-euros-ao-benfica-e-vai-deixar-as-aguias-em-definitivo","status":"publish","type":"post","link":"https:\/\/www.europesays.com\/pt\/220202\/","title":{"rendered":"David Jur\u00e1sek custou 14 milh\u00f5es de euros ao Benfica e vai deixar as \u00e1guias em definitivo"},"content":{"rendered":"<p>&#8211; Advertisement &#8211;<\/p>\n<p><strong>David Jur\u00e1sek vai deixar de ser jogador do Benfica a t\u00edtulo definitivo. O lateral esquerdo prepara-se para regressar ao Slavia de Praga.<\/strong><\/p>\n<p>David Jur\u00e1sek prepara-se para abandonar o Benfica a t\u00edtulo definitivo. De acordo com o ISport, o lateral esquerdo vai regressar ao Slavia de Praga, <a href=\"https:\/\/bolanarede.pt\/especial-bola-na-rede\/atualidade\/benfica-ha-novidades-em-relacao-a-situacao-de-david-jurasek\/\" target=\"_blank\" rel=\"noreferrer noopener nofollow\">depois de terminado o empr\u00e9stimo ao Besiktas<\/a>. O checo encontra-se no pa\u00eds natal e dever\u00e1 realizar os exames m\u00e9dicos em breve.<\/p>\n<p>O jogador ter\u00e1 que viajar em seguida para Espanha, onde o plantel do Slavia de Praga realiza um est\u00e1gio, mais precisamente em Marbella. David Jur\u00e1sek n\u00e3o entrava nos planos de Jos\u00e9 Mourinho e o Benfica consegue assim deixar sair um dos seus excedent\u00e1rios.<\/p>\n<p>O lateral esquerdo assinou com o Benfica no ver\u00e3o de 2023 por 14 milh\u00f5es de euros, mas realizou apenas 12 jogos com a \u00e1guia ao peito. O seu contrato com os encarnados era v\u00e1lido at\u00e9 2028. <\/p>\n","protected":false},"excerpt":{"rendered":"&#8211; Advertisement &#8211; David Jur\u00e1sek vai deixar de ser jogador do Benfica a t\u00edtulo definitivo. O lateral esquerdo&hellip;\n","protected":false},"author":2,"featured_media":220203,"comment_status":"","ping_status":"","sticky":false,"template":"","format":"standard","meta":{"footnotes":""},"categories":[87],"tags":[260,51,41117,135,478,32,479,33,42656,134],"class_list":{"0":"post-220202","1":"post","2":"type-post","3":"status-publish","4":"format-standard","5":"has-post-thumbnail","7":"category-desporto","8":"tag-atualidade","9":"tag-benfica","10":"tag-david-jurasek","11":"tag-desporto","12":"tag-destaques-bnr","13":"tag-portugal","14":"tag-primeira-liga","15":"tag-pt","16":"tag-slavia-de-praga","17":"tag-sports"},"share_on_mastodon":{"url":"https:\/\/pubeurope.com\/@pt\/115858495382396118","error":""},"_links":{"self":[{"href":"https:\/\/www.europesays.com\/pt\/wp-json\/wp\/v2\/posts\/220202","targetHints":{"allow":["GET"]}}],"collection":[{"href":"https:\/\/www.europesays.com\/pt\/wp-json\/wp\/v2\/posts"}],"about":[{"href":"https:\/\/www.europesays.com\/pt\/wp-json\/wp\/v2\/types\/post"}],"author":[{"embeddable":true,"href":"https:\/\/www.europesays.com\/pt\/wp-json\/wp\/v2\/users\/2"}],"replies":[{"embeddable":true,"href":"https:\/\/www.europesays.com\/pt\/wp-json\/wp\/v2\/comments?post=220202"}],"version-history":[{"count":0,"href":"https:\/\/www.europesays.com\/pt\/wp-json\/wp\/v2\/posts\/220202\/revisions"}],"wp:featuredmedia":[{"embeddable":true,"href":"https:\/\/www.europesays.com\/pt\/wp-json\/wp\/v2\/media\/220203"}],"wp:attachment":[{"href":"https:\/\/www.europesays.com\/pt\/wp-json\/wp\/v2\/media?parent=220202"}],"wp:term":[{"taxonomy":"category","embeddable":true,"href":"https:\/\/www.europesays.com\/pt\/wp-json\/wp\/v2\/categories?post=220202"},{"taxonomy":"post_tag","embeddable":true,"href":"https:\/\/www.europesays.com\/pt\/wp-json\/wp\/v2\/tags?post=220202"}],"curies":[{"name":"wp","href":"https:\/\/api.w.org\/{rel}","templated":true}]}}