{"id":220204,"date":"2026-01-08T08:21:25","date_gmt":"2026-01-08T08:21:25","guid":{"rendered":"https:\/\/www.europesays.com\/pt\/220204\/"},"modified":"2026-01-08T08:21:25","modified_gmt":"2026-01-08T08:21:25","slug":"a-motorola-amplia-o-seu-catalogo-de-dispositivos-dobraveis-e-reforca-o-seu-compromisso-com-a-ia","status":"publish","type":"post","link":"https:\/\/www.europesays.com\/pt\/220204\/","title":{"rendered":"A Motorola amplia o seu cat\u00e1logo de dispositivos dobr\u00e1veis e refor\u00e7a o seu compromisso com a IA"},"content":{"rendered":"<p>A Motorola aproveitou a <strong>Lenovo Tech World 2026<\/strong> para concentrar v\u00e1rios an\u00fancios sobre dispositivos, software e acess\u00f3rios. <strong>A empresa apresentou o motorola razr fold, o seu primeiro dobr\u00e1vel em formato \u00abfold\u00bb, com foco na produtividade e entretenimento gra\u00e7as a um ecr\u00e3 interior de grande dimens\u00e3o e fun\u00e7\u00f5es de IA integradas.<\/strong><\/p>\n<p>O novo razr fold conta com um design de perfil fino e um ecr\u00e3 duplo. No exterior, incorpora um painel de 6,56 polegadas, concebido para manter uma utiliza\u00e7\u00e3o semelhante \u00e0 de um smartphone convencional quando o equipamento est\u00e1 fechado. Ao ser desdobrado, o terminal mostra um ecr\u00e3 interno LTPO 2K de 8,09 polegadas orientado para a multitarefa, a cria\u00e7\u00e3o e o consumo de conte\u00fado. A Motorola indicou que o dispositivo inclui: interfaces adapt\u00e1veis, designs de ecr\u00e3 flex\u00edveis e compatibilidade com o stylus moto pen ultra. Al\u00e9m de fun\u00e7\u00f5es de intelig\u00eancia artificial como \u00abCatch me up\u00bb e \u00abNext Move\u00bb para ajudar a resumir informa\u00e7\u00f5es e sugerir as pr\u00f3ximas a\u00e7\u00f5es durante o dia.<\/p>\n<p>Na sec\u00e7\u00e3o fotogr\u00e1fica, a marca descreveu um sistema de c\u00e2mara traseira tripla de 50 MP, composto por um sensor principal, uma lente ultra grande angular com fun\u00e7\u00e3o macro e uma teleobjetiva tipo perisc\u00f3pio com zoom 3x. A isso soma-se uma c\u00e2mara externa de 32 MP para capturas com o terminal fechado e uma c\u00e2mara interna de 20 MP para videochamadas e cria\u00e7\u00e3o de conte\u00fado com o equipamento aberto. O conjunto \u00e9 suportado por um sensor Sony LYTIA e adiciona grava\u00e7\u00e3o em Dolby Vision e estabiliza\u00e7\u00e3o de v\u00eddeo avan\u00e7ada.<\/p>\n<p><strong>Juntamente com este lan\u00e7amento, a Motorola anunciou o motorola signature como o primeiro membro de uma nova fam\u00edlia de smartphones ultra-premium, com at\u00e9 sete anos de atualiza\u00e7\u00f5es do Android e seguran\u00e7a e servi\u00e7os como assist\u00eancia personalizada sob demanda.<\/strong><\/p>\n<p>Este modelo incorpora a plataforma m\u00f3vel Snapdragon 8 Gen 5 de 3 nm e um sistema de quatro c\u00e2maras de 50 MP. Em termos de energia, a Motorola indicou que integra uma bateria de sil\u00edcio e carbono de 5200 mAh, com carregamento TurboPower de 90 W e carregamento sem fios de 50 W. Em termos de ecr\u00e3 e \u00e1udio, o dispositivo combina um painel Extreme AMOLED de 6,8 polegadas com Dolby Vision, Dolby Atmos e \u00abSound by Bose\u00bb.<\/p>\n<p>O evento tamb\u00e9m serviu para concretizar a estrat\u00e9gia de software em torno da IA. A Motorola e a Lenovo apresentaram o Motorola Qira, uma plataforma unificada que agrupa sob o mesmo nome e interface propostas como moto ai, Lenovo AI Now, Creator Zone e Learning Zone, com sincroniza\u00e7\u00e3o entre dispositivos para manter o contexto de utiliza\u00e7\u00e3o.<\/p>\n<p>De acordo com o comunicado, o Qira procura reduzir o atrito ao alternar entre aplica\u00e7\u00f5es, dispositivos e ferramentas de IA, apoiando-se numa base de conhecimento partilhada. A plataforma integra acordos com o Microsoft 365 e Copilot, Qualcomm e Intel, Perplexity e Google, e a empresa antecipou que haver\u00e1 capacidades adicionais previstas para o final deste ano.<\/p>\n<p>Paralelamente, a Motorola mostrou um trabalho de laborat\u00f3rio orientado para levar a IA a um formato \u00absempre acess\u00edvel\u00bb. <strong>O Projeto Maxwell \u00e9 uma prova de conceito de assistente percetivo com IA em formato wearable, concebido para interpretar o ambiente atrav\u00e9s de c\u00e2maras, microfones e sensores, e oferecer informa\u00e7\u00f5es ou recomenda\u00e7\u00f5es em tempo real quando o utilizador o solicita.<\/strong><\/p>\n<p>A empresa explicou que o conceito combina perce\u00e7\u00e3o multimodal (mistura de sinais visuais e sonoros) e uma intera\u00e7\u00e3o em linguagem natural capaz de captar inten\u00e7\u00f5es e executar a\u00e7\u00f5es. Entre os casos de uso mencionados, est\u00e1 a possibilidade de o dispositivo ouvir uma palestra e gerar um resumo ou redigir um texto para redes sociais sem a necessidade de interagir com o smartphone. A Motorola indicou que, por se tratar de um teste de conceito, os aprendizados ser\u00e3o incorporados em futuras explora\u00e7\u00f5es de IA.<\/p>\n<p>A marca tamb\u00e9m ampliou seu ecossistema de acess\u00f3rios conectados \u201cmoto things\u201d. Neste bloco, foram apresentados o moto sound flow, o moto watch, o moto pen ultra e o moto tag 2, com a ideia de se integrarem aos telefones da Motorola e aumentarem as op\u00e7\u00f5es de conectividade.<\/p>\n<p>Especificamente, a Motorola destacou um altifalante com \u00abSound by Bose\u00bb, o l\u00e1pis \u00f3tico compat\u00edvel com razr fold e motorola signature, e um rel\u00f3gio inteligente desenvolvido em colabora\u00e7\u00e3o com a Polar para fun\u00e7\u00f5es de monitoriza\u00e7\u00e3o do bem-estar.<\/p>\n<p>No campo das edi\u00e7\u00f5es especiais, a Motorola anunciou o motorola razr 60 FIFA World Cup 26 Edition, dentro da s\u00e9rie Motorola Collections. Segundo a empresa, o dispositivo mant\u00e9m as caracter\u00edsticas b\u00e1sicas da gama razr (ecr\u00e3 externo \u00abinteligente\u00bb, c\u00e2mara com IA e fun\u00e7\u00f5es moto ai) e incorpora elementos de personaliza\u00e7\u00e3o inspirados na FIFA, como pap\u00e9is de parede, um toque tem\u00e1tico e uma marca d\u2019\u00e1gua para fotos. <strong>A Motorola precisou que esta edi\u00e7\u00e3o ser\u00e1 vendida exclusivamente nos Estados Unidos e no Canad\u00e1, e n\u00e3o ser\u00e1 comercializada em outros mercados.<\/strong><\/p>\n","protected":false},"excerpt":{"rendered":"A Motorola aproveitou a Lenovo Tech World 2026 para concentrar v\u00e1rios an\u00fancios sobre dispositivos, software e acess\u00f3rios. A&hellip;\n","protected":false},"author":2,"featured_media":220205,"comment_status":"","ping_status":"","sticky":false,"template":"","format":"standard","meta":{"footnotes":""},"categories":[84],"tags":[109,107,108,32,33,105,103,104,106,110],"class_list":{"0":"post-220204","1":"post","2":"type-post","3":"status-publish","4":"format-standard","5":"has-post-thumbnail","7":"category-ciencia-e-tecnologia","8":"tag-ciencia","9":"tag-ciencia-e-tecnologia","10":"tag-cienciaetecnologia","11":"tag-portugal","12":"tag-pt","13":"tag-science","14":"tag-science-and-technology","15":"tag-scienceandtechnology","16":"tag-technology","17":"tag-tecnologia"},"share_on_mastodon":{"url":"https:\/\/pubeurope.com\/@pt\/115858511227370625","error":""},"_links":{"self":[{"href":"https:\/\/www.europesays.com\/pt\/wp-json\/wp\/v2\/posts\/220204","targetHints":{"allow":["GET"]}}],"collection":[{"href":"https:\/\/www.europesays.com\/pt\/wp-json\/wp\/v2\/posts"}],"about":[{"href":"https:\/\/www.europesays.com\/pt\/wp-json\/wp\/v2\/types\/post"}],"author":[{"embeddable":true,"href":"https:\/\/www.europesays.com\/pt\/wp-json\/wp\/v2\/users\/2"}],"replies":[{"embeddable":true,"href":"https:\/\/www.europesays.com\/pt\/wp-json\/wp\/v2\/comments?post=220204"}],"version-history":[{"count":0,"href":"https:\/\/www.europesays.com\/pt\/wp-json\/wp\/v2\/posts\/220204\/revisions"}],"wp:featuredmedia":[{"embeddable":true,"href":"https:\/\/www.europesays.com\/pt\/wp-json\/wp\/v2\/media\/220205"}],"wp:attachment":[{"href":"https:\/\/www.europesays.com\/pt\/wp-json\/wp\/v2\/media?parent=220204"}],"wp:term":[{"taxonomy":"category","embeddable":true,"href":"https:\/\/www.europesays.com\/pt\/wp-json\/wp\/v2\/categories?post=220204"},{"taxonomy":"post_tag","embeddable":true,"href":"https:\/\/www.europesays.com\/pt\/wp-json\/wp\/v2\/tags?post=220204"}],"curies":[{"name":"wp","href":"https:\/\/api.w.org\/{rel}","templated":true}]}}