{"id":220224,"date":"2026-01-08T08:46:15","date_gmt":"2026-01-08T08:46:15","guid":{"rendered":"https:\/\/www.europesays.com\/pt\/220224\/"},"modified":"2026-01-08T08:46:15","modified_gmt":"2026-01-08T08:46:15","slug":"rythmia-retiro-espiritual-com-assinatura-do-campeao","status":"publish","type":"post","link":"https:\/\/www.europesays.com\/pt\/220224\/","title":{"rendered":"Rythmia, retiro espiritual com assinatura do campe\u00e3o"},"content":{"rendered":"<p data-start=\"166\" data-end=\"278\">O surfista mais titulado de sempre assume papel de conselheiro num centro que promete experi\u00eancias transformadoras na Costa Rica<\/p>\n<p data-start=\"427\" data-end=\"439\"><strong data-start=\"427\" data-end=\"439\">\u00a0<\/strong><\/p>\n<p data-start=\"441\" data-end=\"703\">A Rythmia Life Advancement Center tornou-se nos \u00faltimos anos um dos retiros espirituais mais exclusivos do mundo, combinando medicina vegetal, pr\u00e1ticas hol\u00edsticas e supervis\u00e3o m\u00e9dica. E o nome que mais se destaca no seu organigrama \u00e9 nada menos que Kelly Slater.<\/p>\n<p data-start=\"705\" data-end=\"992\">N\u00e3o se trata de nenhuma brincadeira. Como membro do conselho de administra\u00e7\u00e3o desde 2021, o onze vezes campe\u00e3o mundial de surf tem vindo a associar a sua imagem a este centro situado em Guanacaste, Costa Rica, onde a ayahuasca \u00e9 parte integrante dos programas de desenvolvimento pessoal.<\/p>\n<p data-start=\"994\" data-end=\"1340\">O retiro celebrou recentemente o seu d\u00e9cimo anivers\u00e1rio com uma estat\u00edstica pouco comum: segundo a pr\u00f3pria empresa, 98,07% dos visitantes afirmam ter vivido um \u201cmilagre\u201d. A conclus\u00e3o resulta de inqu\u00e9ritos realizados a mais de 22.000 participantes ao longo de uma d\u00e9cada, quase todos relatando mudan\u00e7as profundas nas suas vidas ap\u00f3s a experi\u00eancia.<\/p>\n<p data-start=\"1342\" data-end=\"1563\">O custo de participa\u00e7\u00e3o num programa completo ronda os 4.900 d\u00f3lares, sem incluir voos. Um investimento elevado, mas que continua a atrair turistas de todo o mundo interessados no crescente boom das terapias psicad\u00e9licas.<\/p>\n<p data-start=\"1565\" data-end=\"1887\">Para quem n\u00e3o est\u00e1 familiarizado, a ayahuasca \u00e9 uma subst\u00e2ncia de origem amaz\u00f3nica utilizada h\u00e1 s\u00e9culos por povos ind\u00edgenas em rituais xam\u00e2nicos. Nos \u00faltimos anos tem sido estudada pela sua poss\u00edvel efic\u00e1cia no tratamento de traumas emocionais, depress\u00e3o e adi\u00e7\u00f5es, sempre que administrada com acompanhamento profissional.<\/p>\n<p data-start=\"1889\" data-end=\"2204\">Slater j\u00e1 tinha partilhado publicamente a sua rela\u00e7\u00e3o com este tema num v\u00eddeo de 2017, no qual descreve ter vivido \u201cportas que se abriram\u201d e processos internos de grande impacto. Segundo ele, experi\u00eancias como as proporcionadas pela Rythmia ajudaram-no a desconectar, rejuvenescer e repensar o seu percurso pessoal.<\/p>\n<p data-start=\"2206\" data-end=\"2419\">O centro oferece ainda programas complementares como breathwork, yoga, integra\u00e7\u00e3o emocional e acompanhamento posterior, procurando uma abordagem equilibrada entre ci\u00eancia, espiritualidade e evolu\u00e7\u00e3o a longo prazo.<\/p>\n<p data-start=\"2421\" data-end=\"2674\">Com milhares de visitantes anuais e agora com um embaixador de peso vindo diretamente do surf, a Rythmia refor\u00e7a uma ideia que o pr\u00f3prio Kelly sempre defendeu: o surf \u00e9 consci\u00eancia e presen\u00e7a. E, pelos vistos, essa presen\u00e7a pode ir muito al\u00e9m das ondas.<\/p>\n","protected":false},"excerpt":{"rendered":"O surfista mais titulado de sempre assume papel de conselheiro num centro que promete experi\u00eancias transformadoras na Costa&hellip;\n","protected":false},"author":2,"featured_media":220225,"comment_status":"","ping_status":"","sticky":false,"template":"","format":"standard","meta":{"footnotes":""},"categories":[87],"tags":[135,11843,42659,32,33,42660,134],"class_list":{"0":"post-220224","1":"post","2":"type-post","3":"status-publish","4":"format-standard","5":"has-post-thumbnail","7":"category-desporto","8":"tag-desporto","9":"tag-destaquehome","10":"tag-kelly-slater","11":"tag-portugal","12":"tag-pt","13":"tag-rythmia","14":"tag-sports"},"share_on_mastodon":{"url":"https:\/\/pubeurope.com\/@pt\/115858609685114983","error":""},"_links":{"self":[{"href":"https:\/\/www.europesays.com\/pt\/wp-json\/wp\/v2\/posts\/220224","targetHints":{"allow":["GET"]}}],"collection":[{"href":"https:\/\/www.europesays.com\/pt\/wp-json\/wp\/v2\/posts"}],"about":[{"href":"https:\/\/www.europesays.com\/pt\/wp-json\/wp\/v2\/types\/post"}],"author":[{"embeddable":true,"href":"https:\/\/www.europesays.com\/pt\/wp-json\/wp\/v2\/users\/2"}],"replies":[{"embeddable":true,"href":"https:\/\/www.europesays.com\/pt\/wp-json\/wp\/v2\/comments?post=220224"}],"version-history":[{"count":0,"href":"https:\/\/www.europesays.com\/pt\/wp-json\/wp\/v2\/posts\/220224\/revisions"}],"wp:featuredmedia":[{"embeddable":true,"href":"https:\/\/www.europesays.com\/pt\/wp-json\/wp\/v2\/media\/220225"}],"wp:attachment":[{"href":"https:\/\/www.europesays.com\/pt\/wp-json\/wp\/v2\/media?parent=220224"}],"wp:term":[{"taxonomy":"category","embeddable":true,"href":"https:\/\/www.europesays.com\/pt\/wp-json\/wp\/v2\/categories?post=220224"},{"taxonomy":"post_tag","embeddable":true,"href":"https:\/\/www.europesays.com\/pt\/wp-json\/wp\/v2\/tags?post=220224"}],"curies":[{"name":"wp","href":"https:\/\/api.w.org\/{rel}","templated":true}]}}