{"id":220230,"date":"2026-01-08T08:51:41","date_gmt":"2026-01-08T08:51:41","guid":{"rendered":"https:\/\/www.europesays.com\/pt\/220230\/"},"modified":"2026-01-08T08:51:41","modified_gmt":"2026-01-08T08:51:41","slug":"a-proxima-xbox-podera-tratar-se-de-uma-consola-windows-para-a-sala","status":"publish","type":"post","link":"https:\/\/www.europesays.com\/pt\/220230\/","title":{"rendered":"A pr\u00f3xima Xbox poder\u00e1 tratar-se de uma consola Windows para a sala"},"content":{"rendered":"<p>A Xbox vai comemorar 25 anos em 2026, uma data que ficar\u00e1 marcada pelo regresso de adoradas s\u00e9ries como Fable, Halo, Forza e Gears, mas a possibilidade de recebermos not\u00edcias sobre a sua pr\u00f3xima consola tamb\u00e9m poder\u00e1 figurar como um enorme destaque.<\/p>\n<p>De acordo com o Windows Central, o plano da Microsoft Gaming para a pr\u00f3xima Xbox permanece o mesmo, uma m\u00e1quina Windows para tomar conta da tua sala, capaz de correr jogos PC atrav\u00e9s da Xbox app, mas com uma interface mais pr\u00f3xima do que esperas de uma consola.<\/p>\n<p>Uma das suas principais funcionalidades ser\u00e1 a compatibilidade com jogos Xbox One e Xbox Series, fruto de uma parceria com a AMD atrav\u00e9s da qual a Microsoft Gaming trabalhou para permitir jogar t\u00edtulos de anteriores gera\u00e7\u00f5es na sua pr\u00f3xima consola. Isto significa que os teus jogos Xbox v\u00e3o-te acompanhar numa nova transi\u00e7\u00e3o de gera\u00e7\u00f5es.<\/p>\n<p>Nos planos da Microsoft Gaming tamb\u00e9m est\u00e1, alegadamente, uma moderniza\u00e7\u00e3o da sua postura como editora, ao reduzir a comiss\u00e3o que recebe com cada jogo vendido na sua loja digital. Esta medida \u00e9 apresentada como uma forma de tornar a pr\u00f3xima Xbox mais apetec\u00edvel para as parceiras, que v\u00e3o sentir maior desejo em lan\u00e7ar nesta m\u00e1quina os seus jogos.<\/p>\n<p><a href=\"https:\/\/www.windowscentral.com\/gaming\/xbox\/xbox-in-2026-what-to-expect-from-team-green-this-year-and-beyond\" rel=\"nofollow noopener\" target=\"_blank\">O Windows Central diz ter sido informado<\/a> do plano de apresentar ao mundo novo hardware Xbox em 2026, na forma do comando Xbox Elite 3, mas n\u00e3o consegue confirmar que a pr\u00f3xima Xbox ser\u00e1 revelada este ano.<\/p>\n","protected":false},"excerpt":{"rendered":"A Xbox vai comemorar 25 anos em 2026, uma data que ficar\u00e1 marcada pelo regresso de adoradas s\u00e9ries&hellip;\n","protected":false},"author":2,"featured_media":9848,"comment_status":"","ping_status":"","sticky":false,"template":"","format":"standard","meta":{"footnotes":""},"categories":[84],"tags":[109,107,108,32,33,105,103,104,106,110],"class_list":{"0":"post-220230","1":"post","2":"type-post","3":"status-publish","4":"format-standard","5":"has-post-thumbnail","7":"category-ciencia-e-tecnologia","8":"tag-ciencia","9":"tag-ciencia-e-tecnologia","10":"tag-cienciaetecnologia","11":"tag-portugal","12":"tag-pt","13":"tag-science","14":"tag-science-and-technology","15":"tag-scienceandtechnology","16":"tag-technology","17":"tag-tecnologia"},"share_on_mastodon":{"url":"https:\/\/pubeurope.com\/@pt\/115858629184079221","error":""},"_links":{"self":[{"href":"https:\/\/www.europesays.com\/pt\/wp-json\/wp\/v2\/posts\/220230","targetHints":{"allow":["GET"]}}],"collection":[{"href":"https:\/\/www.europesays.com\/pt\/wp-json\/wp\/v2\/posts"}],"about":[{"href":"https:\/\/www.europesays.com\/pt\/wp-json\/wp\/v2\/types\/post"}],"author":[{"embeddable":true,"href":"https:\/\/www.europesays.com\/pt\/wp-json\/wp\/v2\/users\/2"}],"replies":[{"embeddable":true,"href":"https:\/\/www.europesays.com\/pt\/wp-json\/wp\/v2\/comments?post=220230"}],"version-history":[{"count":0,"href":"https:\/\/www.europesays.com\/pt\/wp-json\/wp\/v2\/posts\/220230\/revisions"}],"wp:featuredmedia":[{"embeddable":true,"href":"https:\/\/www.europesays.com\/pt\/wp-json\/wp\/v2\/media\/9848"}],"wp:attachment":[{"href":"https:\/\/www.europesays.com\/pt\/wp-json\/wp\/v2\/media?parent=220230"}],"wp:term":[{"taxonomy":"category","embeddable":true,"href":"https:\/\/www.europesays.com\/pt\/wp-json\/wp\/v2\/categories?post=220230"},{"taxonomy":"post_tag","embeddable":true,"href":"https:\/\/www.europesays.com\/pt\/wp-json\/wp\/v2\/tags?post=220230"}],"curies":[{"name":"wp","href":"https:\/\/api.w.org\/{rel}","templated":true}]}}