{"id":220242,"date":"2026-01-08T09:06:16","date_gmt":"2026-01-08T09:06:16","guid":{"rendered":"https:\/\/www.europesays.com\/pt\/220242\/"},"modified":"2026-01-08T09:06:16","modified_gmt":"2026-01-08T09:06:16","slug":"playstation-5-e-dualsense-recebem-tres-novas-cores-na-colecao-hyperpop","status":"publish","type":"post","link":"https:\/\/www.europesays.com\/pt\/220242\/","title":{"rendered":"PlayStation 5 e DualSense recebem tr\u00eas novas cores na cole\u00e7\u00e3o Hyperpop"},"content":{"rendered":"<p>&#8211; Publicidade &#8211;<\/p>\n<p><strong>O Azul j\u00e1 n\u00e3o \u00e9 a \u00fanica cor da PlayStation.<\/strong><\/p>\n<p>A equipa da <strong>PlayStation<\/strong> revelou uma nova cole\u00e7\u00e3o de acess\u00f3rios, que introduzem novas cores, para quem procura um toque de personaliza\u00e7\u00e3o pessoal nas suas configura\u00e7\u00f5es. Trata-se da cole\u00e7\u00e3o <strong>Hyperpop<\/strong> e \u00e9 composta por comandos <strong>DualSense<\/strong> e capas para a <strong>PlayStation 5<\/strong>, para j\u00e1 apenas no modelo Slim.<\/p>\n<p>Numa l\u00f3gica RGB, as novas cores s\u00e3o a Techno Red, Remix Green e Rythm Blue, que n\u00e3o apresentam cores 100% s\u00f3lidas, sendo cada uma banhada por um gradiente escuro nas extremidades superiores dos comandos e das capas. Os tons usados s\u00e3o extremamente vividos, emulando o brilho de n\u00e9on e com acabamentos refletivos.<\/p>\n<p>PlayStation 5 e Dualsense &#8211; Cole\u00e7\u00e3o Hyperpop<\/p>\n<p>A cole\u00e7\u00e3o Hyperpop dos comandos DualSense fica dispon\u00edvel a partir de 84,99\u20ac por unidade, e as capas por 74,99\u20ac cada. O lan\u00e7amento da cole\u00e7\u00e3o est\u00e1 marcado para 12 de mar\u00e7o, com as pr\u00e9-reservas a terem in\u00edcio a 16 de janeiro na loja <a href=\"https:\/\/direct.playstation.com\/pt-pt\/\" target=\"_blank\" rel=\"noopener external noreferrer nofollow\" data-wpel-link=\"external\">PlayStation Direct<\/a> e em alguma outra loja de retalho. Ainda que n\u00e3o sejam edi\u00e7\u00f5es limitadas, a sua disponibilidade depender\u00e1 do stock e da procura dos f\u00e3s da PlayStation.<\/p>\n","protected":false},"excerpt":{"rendered":"&#8211; Publicidade &#8211; O Azul j\u00e1 n\u00e3o \u00e9 a \u00fanica cor da PlayStation. A equipa da PlayStation revelou&hellip;\n","protected":false},"author":2,"featured_media":220243,"comment_status":"","ping_status":"","sticky":false,"template":"","format":"standard","meta":{"footnotes":""},"categories":[84],"tags":[109,107,108,32,33,105,103,104,106,110],"class_list":{"0":"post-220242","1":"post","2":"type-post","3":"status-publish","4":"format-standard","5":"has-post-thumbnail","7":"category-ciencia-e-tecnologia","8":"tag-ciencia","9":"tag-ciencia-e-tecnologia","10":"tag-cienciaetecnologia","11":"tag-portugal","12":"tag-pt","13":"tag-science","14":"tag-science-and-technology","15":"tag-scienceandtechnology","16":"tag-technology","17":"tag-tecnologia"},"share_on_mastodon":{"url":"https:\/\/pubeurope.com\/@pt\/115858688227917580","error":""},"_links":{"self":[{"href":"https:\/\/www.europesays.com\/pt\/wp-json\/wp\/v2\/posts\/220242","targetHints":{"allow":["GET"]}}],"collection":[{"href":"https:\/\/www.europesays.com\/pt\/wp-json\/wp\/v2\/posts"}],"about":[{"href":"https:\/\/www.europesays.com\/pt\/wp-json\/wp\/v2\/types\/post"}],"author":[{"embeddable":true,"href":"https:\/\/www.europesays.com\/pt\/wp-json\/wp\/v2\/users\/2"}],"replies":[{"embeddable":true,"href":"https:\/\/www.europesays.com\/pt\/wp-json\/wp\/v2\/comments?post=220242"}],"version-history":[{"count":0,"href":"https:\/\/www.europesays.com\/pt\/wp-json\/wp\/v2\/posts\/220242\/revisions"}],"wp:featuredmedia":[{"embeddable":true,"href":"https:\/\/www.europesays.com\/pt\/wp-json\/wp\/v2\/media\/220243"}],"wp:attachment":[{"href":"https:\/\/www.europesays.com\/pt\/wp-json\/wp\/v2\/media?parent=220242"}],"wp:term":[{"taxonomy":"category","embeddable":true,"href":"https:\/\/www.europesays.com\/pt\/wp-json\/wp\/v2\/categories?post=220242"},{"taxonomy":"post_tag","embeddable":true,"href":"https:\/\/www.europesays.com\/pt\/wp-json\/wp\/v2\/tags?post=220242"}],"curies":[{"name":"wp","href":"https:\/\/api.w.org\/{rel}","templated":true}]}}