{"id":220244,"date":"2026-01-08T09:07:11","date_gmt":"2026-01-08T09:07:11","guid":{"rendered":"https:\/\/www.europesays.com\/pt\/220244\/"},"modified":"2026-01-08T09:07:11","modified_gmt":"2026-01-08T09:07:11","slug":"atencao-aos-prazos-fiscais-que-antecedem-a-entrega-da-declaracao-um-deles-termina-ja-no-proximo-mes","status":"publish","type":"post","link":"https:\/\/www.europesays.com\/pt\/220244\/","title":{"rendered":"aten\u00e7\u00e3o aos prazos fiscais que antecedem a entrega da declara\u00e7\u00e3o \u2013 um deles termina j\u00e1 no pr\u00f3ximo m\u00eas"},"content":{"rendered":"<p>Apesar de o calend\u00e1rio do IRS 2026 apontar o in\u00edcio da entrega das declara\u00e7\u00f5es para 1 de abril, h\u00e1 v\u00e1rias obriga\u00e7\u00f5es fiscais que antecedem essa data. <a href=\"https:\/\/info.portaldasfinancas.gov.pt\/pt\/apoio_contribuinte\/Folhetos_informativos\/Documents\/IRS_2025_Principais_prazos_2026.pdf\" target=\"_blank\" rel=\"noopener nofollow\">Segundo o documento divulgado pelo Fisco<\/a>, estes s\u00e3o os prazos a cumprir at\u00e9 \u00e0 entrega da Declara\u00e7\u00e3o. Note que o incumprimento pode traduzir-se na perda de dedu\u00e7\u00f5es ou em atrasos no apuramento do imposto.<\/p>\n<p><strong>At\u00e9 16 de fevereiro:<\/strong> Comunique a dura\u00e7\u00e3o ou cessa\u00e7\u00e3o do contrato de arrendamento de longa\u00a0dura\u00e7\u00e3o e usufrua de benef\u00edcio fiscal do IRS.<\/p>\n<p><strong>At\u00e9 2 de mar\u00e7o\u00a0<\/strong>(o prazo legal \u00e9 at\u00e9 ao final de fevereiro, mas como em 2026 coincide com um dia n\u00e3o \u00fatil, o termo do prazo transfere-se para o primeiro dia \u00fatil seguinte):<\/p>\n<p>\u2013 Entregue o documento comprovativo da frequ\u00eancia em estabelecimento de\u00a0ensino, caso seja estudante dependente com rendimentos no \u00e2mbito da\u00a0categoria A provenientes de contrato de trabalho, ou categoria B, provenientes\u00a0de contrato de presta\u00e7\u00e3o de servi\u00e7os.<\/p>\n<p>\u2013\u00a0Verifique ou comunique as faturas relativas ao ano anterior, tendo em vista\u00a0as dedu\u00e7\u00f5es \u00e0 coleta do IRS e afete \u00e0 atividade empresarial ou profissional\u00a0as despesas e encargos com ela relacionados, no e-Fatura;<\/p>\n<p>\u2013\u00a0Consulte e atualize os dados relativos \u00e0 composi\u00e7\u00e3o do agregado familiar\u00a0e outros elementos pessoais relevantes, atualizado a 31 de dezembro de 2025;<\/p>\n<p>\u2013 Comunique atrav\u00e9s da Declara\u00e7\u00e3o Modelo 44, todas as\u00a0rendas que recebeu\u00a0dos inquilinos.\u00a0A obriga\u00e7\u00e3o abrange todos os titulares de rendimentos da categoria F do IRS\u00a0que estejam dispensados e n\u00e3o tenham optado pela emiss\u00e3o do recibo de\u00a0renda eletr\u00f3nico;<\/p>\n<p>\u2013 Comunique as\u00a0despesas de educa\u00e7\u00e3o dos estudantes\u00a0que integram\u00a0o agregado familiar pela frequ\u00eancia de estabelecimento de ensino situado\u00a0num territ\u00f3rio do interior ou regi\u00e3o aut\u00f3noma;<\/p>\n<p>\u2013 Comunique os\u00a0encargos relativos a rendas para habita\u00e7\u00e3o\u00a0permanente em\u00a0resultado da transfer\u00eancia da sua resid\u00eancia permanente para um territ\u00f3rio\u00a0interior do pa\u00eds.<\/p>\n<p><strong>At\u00e9 ao final de mar\u00e7o:<\/strong> Comunique a entidade \u00e0 qual pretende consignar o IRS ou IVA, ou ambos.<\/p>\n<p><strong>De 16 a 31 de mar\u00e7o:<br \/><\/strong><br \/>\u2013\u00a0Consulte as despesas\u00a0para dedu\u00e7\u00e3o \u00e0 coleta do IRS apuradas pela AT;<\/p>\n<p>\u2013 Caso verifique alguma omiss\u00e3o ou inexatid\u00e3o\u00a0reclame\u00a0as despesas gerais e\/ou\u00a0as faturas.<\/p>\n<p><strong>De abril a junho:<\/strong>\u00a0Confirme o IRS autom\u00e1tico ou entregue a declara\u00e7\u00e3o\u00a0modelo 3 de rendimentos.<\/p>\n<p><strong>At\u00e9 31 de agosto:<\/strong> Receba o reembolso ou pague o imposto. Este prazo est\u00e1 previsto para as declara\u00e7\u00f5es entregues dentro do prazo.<\/p>\n","protected":false},"excerpt":{"rendered":"Apesar de o calend\u00e1rio do IRS 2026 apontar o in\u00edcio da entrega das declara\u00e7\u00f5es para 1 de abril,&hellip;\n","protected":false},"author":2,"featured_media":220245,"comment_status":"","ping_status":"","sticky":false,"template":"","format":"standard","meta":{"footnotes":""},"categories":[83],"tags":[88,89,90,32,33],"class_list":{"0":"post-220244","1":"post","2":"type-post","3":"status-publish","4":"format-standard","5":"has-post-thumbnail","7":"category-empresas","8":"tag-business","9":"tag-economy","10":"tag-empresas","11":"tag-portugal","12":"tag-pt"},"share_on_mastodon":{"url":"https:\/\/pubeurope.com\/@pt\/115858692068139803","error":""},"_links":{"self":[{"href":"https:\/\/www.europesays.com\/pt\/wp-json\/wp\/v2\/posts\/220244","targetHints":{"allow":["GET"]}}],"collection":[{"href":"https:\/\/www.europesays.com\/pt\/wp-json\/wp\/v2\/posts"}],"about":[{"href":"https:\/\/www.europesays.com\/pt\/wp-json\/wp\/v2\/types\/post"}],"author":[{"embeddable":true,"href":"https:\/\/www.europesays.com\/pt\/wp-json\/wp\/v2\/users\/2"}],"replies":[{"embeddable":true,"href":"https:\/\/www.europesays.com\/pt\/wp-json\/wp\/v2\/comments?post=220244"}],"version-history":[{"count":0,"href":"https:\/\/www.europesays.com\/pt\/wp-json\/wp\/v2\/posts\/220244\/revisions"}],"wp:featuredmedia":[{"embeddable":true,"href":"https:\/\/www.europesays.com\/pt\/wp-json\/wp\/v2\/media\/220245"}],"wp:attachment":[{"href":"https:\/\/www.europesays.com\/pt\/wp-json\/wp\/v2\/media?parent=220244"}],"wp:term":[{"taxonomy":"category","embeddable":true,"href":"https:\/\/www.europesays.com\/pt\/wp-json\/wp\/v2\/categories?post=220244"},{"taxonomy":"post_tag","embeddable":true,"href":"https:\/\/www.europesays.com\/pt\/wp-json\/wp\/v2\/tags?post=220244"}],"curies":[{"name":"wp","href":"https:\/\/api.w.org\/{rel}","templated":true}]}}