{"id":220246,"date":"2026-01-08T09:08:09","date_gmt":"2026-01-08T09:08:09","guid":{"rendered":"https:\/\/www.europesays.com\/pt\/220246\/"},"modified":"2026-01-08T09:08:09","modified_gmt":"2026-01-08T09:08:09","slug":"conversa-respeitosa-presidente-da-colombia-fala-ao-telefone-com-donald-trump","status":"publish","type":"post","link":"https:\/\/www.europesays.com\/pt\/220246\/","title":{"rendered":"Conversa &#8220;respeitosa&#8221;. Presidente da Col\u00f4mbia fala ao telefone com Donald Trump"},"content":{"rendered":"<p>                Esta \u00e9 a primeira chamada telef\u00f3nica entre os dois presidentes desde que Trump afirmou, no domingo, que uma opera\u00e7\u00e3o militar norte-americana focada no Governo da Col\u00f4mbia &#8220;soa-lhe bem&#8221;.<\/p>\n<p>&#13;<br \/>\nOs detalhes da conversa n\u00e3o foram divulgados de imediato, mas a fonte do gabinete de Petro disse que a chamada foi &#8220;cordial&#8221; e &#8220;respeitosa&#8221;.&#13;\n<\/p>\n<p>Por sua vez, Donald Trump publicou mais um coment\u00e1rio na sua rede Truth Social, para <b>anunciar est\u00e3o a ser feitos preparativos para um encontro com Gustavo Petro, na Casa Branca, em Washington<\/b>, depois da conversa entre ambos.<\/p>\n<p>&#13;<br \/>\nTrump disse que Petro ligou &#8220;para explicar a situa\u00e7\u00e3o das drogas e outros desentendimentos que temos tido&#8221;.<br \/>&#13;\n<\/p>\n<p>No pa\u00eds\u00a0<b>realizaram-se, esta quarta-feira, v\u00e1rias manifesta\u00e7\u00f5es<\/b> de rep\u00fadio \u00e0s amea\u00e7as que Donald Trump fez ao presidente do pa\u00eds.<\/p>\n<p>Os protestos foram convocados, precisamente, por Gustavo Petro e decorreram em v\u00e1rias cidades.<\/p>\n<p>          <img decoding=\"async\" itemprop=\"image\" class=\"img-fluid\"   src=\"https:\/\/www.europesays.com\/pt\/wp-content\/uploads\/2026\/01\/5ab76daead44a76ce7b6f746a6abf18d.jpeg\"\/><\/p>\n<p>\nEm Cucuta, os enviados especiais da RTP, Filipe Pinto e Pedro Miguel Gomes, testemunharam uma concentra\u00e7\u00e3o que juntou centenas de pessoas.<\/p>\n","protected":false},"excerpt":{"rendered":"Esta \u00e9 a primeira chamada telef\u00f3nica entre os dois presidentes desde que Trump afirmou, no domingo, que uma&hellip;\n","protected":false},"author":2,"featured_media":220247,"comment_status":"","ping_status":"","sticky":false,"template":"","format":"standard","meta":{"footnotes":""},"categories":[50],"tags":[27,28,15,16,14,25,26,21,22,62,12,13,19,20,23,24,420,421,17,18,29,30,31,63,64,65],"class_list":{"0":"post-220246","1":"post","2":"type-post","3":"status-publish","4":"format-standard","5":"has-post-thumbnail","7":"category-mundo","8":"tag-breaking-news","9":"tag-breakingnews","10":"tag-featured-news","11":"tag-featurednews","12":"tag-headlines","13":"tag-latest-news","14":"tag-latestnews","15":"tag-main-news","16":"tag-mainnews","17":"tag-mundo","18":"tag-news","19":"tag-noticias","20":"tag-noticias-principais","21":"tag-noticiasprincipais","22":"tag-principais-noticias","23":"tag-principaisnoticias","24":"tag-rtp","25":"tag-rtp-noticias","26":"tag-top-stories","27":"tag-topstories","28":"tag-ultimas","29":"tag-ultimas-noticias","30":"tag-ultimasnoticias","31":"tag-world","32":"tag-world-news","33":"tag-worldnews"},"share_on_mastodon":{"url":"https:\/\/pubeurope.com\/@pt\/115858696074338374","error":""},"_links":{"self":[{"href":"https:\/\/www.europesays.com\/pt\/wp-json\/wp\/v2\/posts\/220246","targetHints":{"allow":["GET"]}}],"collection":[{"href":"https:\/\/www.europesays.com\/pt\/wp-json\/wp\/v2\/posts"}],"about":[{"href":"https:\/\/www.europesays.com\/pt\/wp-json\/wp\/v2\/types\/post"}],"author":[{"embeddable":true,"href":"https:\/\/www.europesays.com\/pt\/wp-json\/wp\/v2\/users\/2"}],"replies":[{"embeddable":true,"href":"https:\/\/www.europesays.com\/pt\/wp-json\/wp\/v2\/comments?post=220246"}],"version-history":[{"count":0,"href":"https:\/\/www.europesays.com\/pt\/wp-json\/wp\/v2\/posts\/220246\/revisions"}],"wp:featuredmedia":[{"embeddable":true,"href":"https:\/\/www.europesays.com\/pt\/wp-json\/wp\/v2\/media\/220247"}],"wp:attachment":[{"href":"https:\/\/www.europesays.com\/pt\/wp-json\/wp\/v2\/media?parent=220246"}],"wp:term":[{"taxonomy":"category","embeddable":true,"href":"https:\/\/www.europesays.com\/pt\/wp-json\/wp\/v2\/categories?post=220246"},{"taxonomy":"post_tag","embeddable":true,"href":"https:\/\/www.europesays.com\/pt\/wp-json\/wp\/v2\/tags?post=220246"}],"curies":[{"name":"wp","href":"https:\/\/api.w.org\/{rel}","templated":true}]}}