{"id":220268,"date":"2026-01-08T09:42:08","date_gmt":"2026-01-08T09:42:08","guid":{"rendered":"https:\/\/www.europesays.com\/pt\/220268\/"},"modified":"2026-01-08T09:42:08","modified_gmt":"2026-01-08T09:42:08","slug":"whatsapp-lanca-tres-novas-funcionalidades-para-melhorar-os-chats-de-grupo","status":"publish","type":"post","link":"https:\/\/www.europesays.com\/pt\/220268\/","title":{"rendered":"WhatsApp lan\u00e7a tr\u00eas novas funcionalidades para melhorar os chats de grupo"},"content":{"rendered":"<p>O WhatsApp acaba de anunciar as suas primeiras novas funcionalidades do ano, com tr\u00eas melhorias a chegarem aos chats de grupo. Eis o que h\u00e1 de novo.<\/p>\n<p><a target=\"_blank\" href=\"https:\/\/pplware.sapo.pt\/wp-content\/uploads\/2026\/01\/novidades_whatsapp00.webp\" rel=\"nofollow noopener\"><img fetchpriority=\"high\" decoding=\"async\" src=\"https:\/\/www.europesays.com\/pt\/wp-content\/uploads\/2026\/01\/novidades_whatsapp00-720x405.webp.webp\" alt=\"Imagem logo WhatsApp\" width=\"720\" height=\"405\" class=\"aligncenter wp-image-1097159 size-medium\"  \/><\/a><\/p>\n<p>WhatsApp: etiquetas de membros, autocolantes de texto e lembretes de eventos<\/p>\n<p>Recentemente, no iOS 26, a Apple adicionou v\u00e1rias novas funcionalidades aos chats de grupo da app Mensagens.<\/p>\n<p>Agora, hoje, o WhatsApp <a target=\"_blank\" href=\"https:\/\/blog.whatsapp.com\/level-up-your-whatsapp-group-chats-with-new-member-tags-text-stickers-and-more\" rel=\"nofollow noopener\">anunciou o seu pr\u00f3prio conjunto<\/a> de novas adi\u00e7\u00f5es focadas em chats de grupo.<\/p>\n<p><a target=\"_blank\" href=\"https:\/\/pplware.sapo.pt\/wp-content\/uploads\/2026\/01\/novidades_whatsapp01.webp\" rel=\"nofollow noopener\"><img loading=\"lazy\" decoding=\"async\" src=\"https:\/\/www.europesays.com\/pt\/wp-content\/uploads\/2026\/01\/novidades_whatsapp01-720x405.webp.webp\" alt=\"\" width=\"720\" height=\"405\" class=\"aligncenter size-medium wp-image-1097160\"  \/><\/a><\/p>\n<p>As tr\u00eas novas funcionalidades que come\u00e7am a ser disponibilizadas a partir de hoje incluem:<\/p>\n<ul>\n<li>Identifica\u00e7\u00f5es de membro<\/li>\n<li>Autocolantes de texto<\/li>\n<li>Lembretes de eventos<\/li>\n<\/ul>\n<p>Aqui est\u00e3o as descri\u00e7\u00f5es oficiais retiradas da publica\u00e7\u00e3o no blogue do WhatsApp:<\/p>\n<ul>\n<li><strong>Identifica\u00e7\u00f5es de membro<\/strong>: todos temos diferentes responsabilidades e, por vezes, queremos dar mais contexto numa conversa de grupo. Agora, pode atribuir a si mesmo\/a uma identifica\u00e7\u00e3o que informa o grupo sobre o seu cargo e que pode ser personalizada para cada grupo a que pertence. Pode ser &#8220;O pai da Ana&#8221; num grupo e &#8220;Guarda-redes&#8221; noutro.<\/li>\n<li><strong>Stickers de texto<\/strong>: para as mensagens que quer destacar, pode transformar qualquer palavra num sticker. Para tal, escreva o texto na Pesquisa de stickers. Tamb\u00e9m pode adicionar stickers rec\u00e9m-criados diretamente aos seus pacotes de stickers em vez de ter de os enviar primeiro numa conversa.<\/li>\n<li><strong>Lembretes de eventos<\/strong>: agora, quando cria e envia um evento na sua conversa de grupo, pode definir lembretes antecipados personalizados para os seus convites. Isto ajuda a que todas as pessoas se lembrem de ir \u00e0 festa que est\u00e1 a organizar ou de entrar na chamada \u00e0 hora certa, dependendo do tipo de evento.<\/li>\n<\/ul>\n<p>Apesar da Identifica\u00e7\u00e3o de membro terem sido anunciadas apenas hoje, as <strong>notas de lan\u00e7amento da aplica\u00e7\u00e3o de h\u00e1 algumas semanas<\/strong> j\u00e1 as mencionavam. No entanto, n\u00e3o \u00e9 invulgar o WhatsApp lan\u00e7ar e anunciar novas funcionalidades em momentos diferentes.<\/p>\n","protected":false},"excerpt":{"rendered":"O WhatsApp acaba de anunciar as suas primeiras novas funcionalidades do ano, com tr\u00eas melhorias a chegarem aos&hellip;\n","protected":false},"author":2,"featured_media":220269,"comment_status":"","ping_status":"","sticky":false,"template":"","format":"standard","meta":{"footnotes":""},"categories":[83],"tags":[88,89,90,32,33,894],"class_list":{"0":"post-220268","1":"post","2":"type-post","3":"status-publish","4":"format-standard","5":"has-post-thumbnail","7":"category-empresas","8":"tag-business","9":"tag-economy","10":"tag-empresas","11":"tag-portugal","12":"tag-pt","13":"tag-whatsapp"},"share_on_mastodon":{"url":"https:\/\/pubeurope.com\/@pt\/115858829760628893","error":""},"_links":{"self":[{"href":"https:\/\/www.europesays.com\/pt\/wp-json\/wp\/v2\/posts\/220268","targetHints":{"allow":["GET"]}}],"collection":[{"href":"https:\/\/www.europesays.com\/pt\/wp-json\/wp\/v2\/posts"}],"about":[{"href":"https:\/\/www.europesays.com\/pt\/wp-json\/wp\/v2\/types\/post"}],"author":[{"embeddable":true,"href":"https:\/\/www.europesays.com\/pt\/wp-json\/wp\/v2\/users\/2"}],"replies":[{"embeddable":true,"href":"https:\/\/www.europesays.com\/pt\/wp-json\/wp\/v2\/comments?post=220268"}],"version-history":[{"count":0,"href":"https:\/\/www.europesays.com\/pt\/wp-json\/wp\/v2\/posts\/220268\/revisions"}],"wp:featuredmedia":[{"embeddable":true,"href":"https:\/\/www.europesays.com\/pt\/wp-json\/wp\/v2\/media\/220269"}],"wp:attachment":[{"href":"https:\/\/www.europesays.com\/pt\/wp-json\/wp\/v2\/media?parent=220268"}],"wp:term":[{"taxonomy":"category","embeddable":true,"href":"https:\/\/www.europesays.com\/pt\/wp-json\/wp\/v2\/categories?post=220268"},{"taxonomy":"post_tag","embeddable":true,"href":"https:\/\/www.europesays.com\/pt\/wp-json\/wp\/v2\/tags?post=220268"}],"curies":[{"name":"wp","href":"https:\/\/api.w.org\/{rel}","templated":true}]}}