{"id":220270,"date":"2026-01-08T09:43:09","date_gmt":"2026-01-08T09:43:09","guid":{"rendered":"https:\/\/www.europesays.com\/pt\/220270\/"},"modified":"2026-01-08T09:43:09","modified_gmt":"2026-01-08T09:43:09","slug":"governo-venezuelano-convida-guterres-a-testemunhar-em-primeira-mao-consequencias-do-ataque-dos-estados-unidos","status":"publish","type":"post","link":"https:\/\/www.europesays.com\/pt\/220270\/","title":{"rendered":"Governo venezuelano convida Guterres a testemunhar, \u201cem primeira m\u00e3o\u201d, consequ\u00eancias do ataque dos Estados Unidos"},"content":{"rendered":"<p>O Governo da Venezuela convidou o secret\u00e1rio-geral da ONU, Ant\u00f3nio Guterres, a visitar o pa\u00eds sul-americano para testemunhar, \u201cem primeira m\u00e3o\u201d, as consequ\u00eancias do ataque militar norte-americano que resultou na deten\u00e7\u00e3o do Presidente Nicol\u00e1s Maduro e da mulher, Cilia Flores.<\/p>\n<p>O ministro dos Neg\u00f3cios Estrangeiros venezuelano, Yv\u00e1n Gil, revelou, em comunicado, que o convite foi feito durante uma reuni\u00e3o entre o representante permanente da Venezuela nas Na\u00e7\u00f5es Unidas, Samuel Moncada, e o diplomata portugu\u00eas.<\/p>\n<p>Moncada denunciou a Guterres a \u201cagress\u00e3o armada unilateral e injustificada perpetrada\u201d pelos Estados Unidos e o que descreveu como o \u201crapto\u201d do Presidente e da primeira-dama venezuelanos.<\/p>\n<p>Segundo o documento, Moncada afirmou que a ONU \u201ctem ainda um papel importante a desempenhar, assumindo inclusive o seu papel e autoridade no que diz respeito \u00e0 preserva\u00e7\u00e3o da diplomacia como meio de garantir a paz mundial\u201d.<\/p>\n<p>Por isso, frisou a diplomacia venezuelana, estendeu \u201cum convite formal ao secret\u00e1rio-geral para visitar a Venezuela o mais rapidamente poss\u00edvel ou, na impossibilidade disso, nomear um enviado pessoal, para que possa testemunhar, em primeira m\u00e3o, as consequ\u00eancias dos ataques militares de 3 de janeiro\u201d.<\/p>\n<p>De acordo com a Venezuela, Guterres prometeu, durante a reuni\u00e3o, considerar o convite e ofereceu \u201cos seus bons of\u00edcios para facilitar um di\u00e1logo nacional\u201d.<\/p>\n<p>\u201cO secret\u00e1rio-geral das Na\u00e7\u00f5es Unidas observou que a recente incurs\u00e3o militar dos Estados Unidos em territ\u00f3rio venezuelano representou uma viola\u00e7\u00e3o flagrante da Carta da ONU e das normas do direito internacional\u201d, acrescentou a diplomacia venezuelana no comunicado partilhado por Gil nas redes sociais.<\/p>\n<p>Durante a reuni\u00e3o, o embaixador venezuelano apresentou \u201cum relato detalhado dos acontecimentos relacionados com os ataques\u201d que ocorreram na madrugada do passado s\u00e1bado em Caracas e nos estados vizinhos de Aragua, Miranda e La Guaira (norte).<\/p>\n","protected":false},"excerpt":{"rendered":"O Governo da Venezuela convidou o secret\u00e1rio-geral da ONU, Ant\u00f3nio Guterres, a visitar o pa\u00eds sul-americano para testemunhar,&hellip;\n","protected":false},"author":2,"featured_media":220271,"comment_status":"","ping_status":"","sticky":false,"template":"","format":"standard","meta":{"footnotes":""},"categories":[50],"tags":[27,28,15,16,14,25,26,21,22,62,12,13,19,20,23,24,17,18,29,30,31,63,64,65],"class_list":{"0":"post-220270","1":"post","2":"type-post","3":"status-publish","4":"format-standard","5":"has-post-thumbnail","7":"category-mundo","8":"tag-breaking-news","9":"tag-breakingnews","10":"tag-featured-news","11":"tag-featurednews","12":"tag-headlines","13":"tag-latest-news","14":"tag-latestnews","15":"tag-main-news","16":"tag-mainnews","17":"tag-mundo","18":"tag-news","19":"tag-noticias","20":"tag-noticias-principais","21":"tag-noticiasprincipais","22":"tag-principais-noticias","23":"tag-principaisnoticias","24":"tag-top-stories","25":"tag-topstories","26":"tag-ultimas","27":"tag-ultimas-noticias","28":"tag-ultimasnoticias","29":"tag-world","30":"tag-world-news","31":"tag-worldnews"},"share_on_mastodon":{"url":"https:\/\/pubeurope.com\/@pt\/115858833613087322","error":""},"_links":{"self":[{"href":"https:\/\/www.europesays.com\/pt\/wp-json\/wp\/v2\/posts\/220270","targetHints":{"allow":["GET"]}}],"collection":[{"href":"https:\/\/www.europesays.com\/pt\/wp-json\/wp\/v2\/posts"}],"about":[{"href":"https:\/\/www.europesays.com\/pt\/wp-json\/wp\/v2\/types\/post"}],"author":[{"embeddable":true,"href":"https:\/\/www.europesays.com\/pt\/wp-json\/wp\/v2\/users\/2"}],"replies":[{"embeddable":true,"href":"https:\/\/www.europesays.com\/pt\/wp-json\/wp\/v2\/comments?post=220270"}],"version-history":[{"count":0,"href":"https:\/\/www.europesays.com\/pt\/wp-json\/wp\/v2\/posts\/220270\/revisions"}],"wp:featuredmedia":[{"embeddable":true,"href":"https:\/\/www.europesays.com\/pt\/wp-json\/wp\/v2\/media\/220271"}],"wp:attachment":[{"href":"https:\/\/www.europesays.com\/pt\/wp-json\/wp\/v2\/media?parent=220270"}],"wp:term":[{"taxonomy":"category","embeddable":true,"href":"https:\/\/www.europesays.com\/pt\/wp-json\/wp\/v2\/categories?post=220270"},{"taxonomy":"post_tag","embeddable":true,"href":"https:\/\/www.europesays.com\/pt\/wp-json\/wp\/v2\/tags?post=220270"}],"curies":[{"name":"wp","href":"https:\/\/api.w.org\/{rel}","templated":true}]}}