{"id":220297,"date":"2026-01-08T10:03:29","date_gmt":"2026-01-08T10:03:29","guid":{"rendered":"https:\/\/www.europesays.com\/pt\/220297\/"},"modified":"2026-01-08T10:03:29","modified_gmt":"2026-01-08T10:03:29","slug":"amor-a-prova-andre-da-uma-grande-licao-a-cris-novelas","status":"publish","type":"post","link":"https:\/\/www.europesays.com\/pt\/220297\/","title":{"rendered":"Amor \u00e0 Prova: Andr\u00e9 d\u00e1 uma grande li\u00e7\u00e3o a Cris &#8211; Novelas"},"content":{"rendered":"<p>Em \u00abAmor \u00e0 Prova\u00bb, Andr\u00e9 (Lucas Dutra) vai ter com Cris (Jos\u00e9 Condessa) e diz-lhe que Bruno (Jo\u00e3o Arrais) lhe contou o que se passou e que Cris tem de fazer alguma coisa para ajudar o mi\u00fado doente. Cris fica em p\u00e2nico por Andr\u00e9 saber e explica que tem medo da rea\u00e7\u00e3o de Sara (Joana de Verona). Andr\u00e9 acha que ela vai entender, pois foi muito antes de se conhecerem e o mi\u00fado precisa de ajuda.<\/p>\n","protected":false},"excerpt":{"rendered":"Em \u00abAmor \u00e0 Prova\u00bb, Andr\u00e9 (Lucas Dutra) vai ter com Cris (Jos\u00e9 Condessa) e diz-lhe que Bruno (Jo\u00e3o&hellip;\n","protected":false},"author":2,"featured_media":220298,"comment_status":"","ping_status":"","sticky":false,"template":"","format":"standard","meta":{"footnotes":""},"categories":[142],"tags":[17049,160,166,114,115,157,167,164,2931,161,158,165,159,32,33,156,163,151,162],"class_list":{"0":"post-220297","1":"post","2":"type-post","3":"status-publish","4":"format-standard","5":"has-post-thumbnail","7":"category-tv","8":"tag-amor-a-prova","9":"tag-ana-guiomar","10":"tag-cristina-ferreira","11":"tag-entertainment","12":"tag-entretenimento","13":"tag-festa-e-festa","14":"tag-ficcao","15":"tag-jose-fidalgo","16":"tag-novela","17":"tag-novelas","18":"tag-para-sempre","19":"tag-pedro-sousa","20":"tag-pedro-teixeira","21":"tag-portugal","22":"tag-pt","23":"tag-queridos-papas","24":"tag-tiago-teotonio-pereira","25":"tag-tv","26":"tag-tvi"},"share_on_mastodon":{"url":"https:\/\/pubeurope.com\/@pt\/115858912216860387","error":""},"_links":{"self":[{"href":"https:\/\/www.europesays.com\/pt\/wp-json\/wp\/v2\/posts\/220297","targetHints":{"allow":["GET"]}}],"collection":[{"href":"https:\/\/www.europesays.com\/pt\/wp-json\/wp\/v2\/posts"}],"about":[{"href":"https:\/\/www.europesays.com\/pt\/wp-json\/wp\/v2\/types\/post"}],"author":[{"embeddable":true,"href":"https:\/\/www.europesays.com\/pt\/wp-json\/wp\/v2\/users\/2"}],"replies":[{"embeddable":true,"href":"https:\/\/www.europesays.com\/pt\/wp-json\/wp\/v2\/comments?post=220297"}],"version-history":[{"count":0,"href":"https:\/\/www.europesays.com\/pt\/wp-json\/wp\/v2\/posts\/220297\/revisions"}],"wp:featuredmedia":[{"embeddable":true,"href":"https:\/\/www.europesays.com\/pt\/wp-json\/wp\/v2\/media\/220298"}],"wp:attachment":[{"href":"https:\/\/www.europesays.com\/pt\/wp-json\/wp\/v2\/media?parent=220297"}],"wp:term":[{"taxonomy":"category","embeddable":true,"href":"https:\/\/www.europesays.com\/pt\/wp-json\/wp\/v2\/categories?post=220297"},{"taxonomy":"post_tag","embeddable":true,"href":"https:\/\/www.europesays.com\/pt\/wp-json\/wp\/v2\/tags?post=220297"}],"curies":[{"name":"wp","href":"https:\/\/api.w.org\/{rel}","templated":true}]}}