{"id":220315,"date":"2026-01-08T10:20:09","date_gmt":"2026-01-08T10:20:09","guid":{"rendered":"https:\/\/www.europesays.com\/pt\/220315\/"},"modified":"2026-01-08T10:20:09","modified_gmt":"2026-01-08T10:20:09","slug":"um-jogador-do-benfica-nao-pode-ficar-nervoso-na-meia-final-da-taca-da-liga","status":"publish","type":"post","link":"https:\/\/www.europesays.com\/pt\/220315\/","title":{"rendered":"\u00abUm jogador do Benfica n\u00e3o pode ficar nervoso na meia-final da Ta\u00e7a da Liga\u00bb"},"content":{"rendered":"<p style=\"margin-bottom:11px\"><strong>Jos\u00e9 Mourinho criticou a atua\u00e7\u00e3o do Benfica na derrota ante o Sp. Braga, nesta quarta-feira, por <a href=\"https:\/\/maisfutebol.iol.pt\/taca-da-liga\/benfica\/taca-da-liga-benfica-sp-braga-1-3-cronica\" rel=\"nofollow noopener\" target=\"_blank\">3-1<\/a>, na meia-final da Ta\u00e7a da Liga. Deixou mensagens internas sobre a mentalidade dos jogadores.<\/strong><\/p>\n<p style=\"margin-bottom:11px\">\u00abComo \u00e9 que eu encarei o jogo? Como todos. Fiz algo depois do jogo que normalmente n\u00e3o fa\u00e7o, que \u00e9 falar depois do jogo. Obviamente, n\u00e3o percebi recetividade para o di\u00e1logo no balne\u00e1rio. Acabou por ser um mon\u00f3logo. N\u00e3o quero acreditar que um jogador do benfica esteja nervoso por jogar uma meia-final da Ta\u00e7a Allianz, sen\u00e3o n\u00e3o \u00e9 jogador para o Benfica. Do mesmo modo, tamb\u00e9m n\u00e3o quero acreditar que tenhamos encarado o jogo de modo sobranceiro.\u00bb\u00a0<\/p>\n<p> Um \u00abarraso\u00bb aos jogadores? <\/p>\n<p style=\"margin-bottom:11px\">\u00abAcha que arrasei? Critiquei muito? Como \u00e9 que conven\u00e7o os jogadores depois da derrota? Acho que n\u00e3o tenho de convencer. \u00c9 trabalhar no m\u00e1ximo das nossas potencialidades. Arrasar jogadores n\u00e3o foi essa a inten\u00e7\u00e3o. Se eu elogiasse voc\u00ea dizia que eu era chon\u00e9, eu n\u00e3o vendo hist\u00f3rias da Carochinha. Eu tento ser honesto.\u00bb<\/p>\n<p> Performance inaceit\u00e1vel de Manu Silva? <\/p>\n<p style=\"margin-bottom:11px\">\u00abN\u00e3o. O Manu teve um das les\u00f5es mais graves no futebol.\u00a0Ele estava no processo de crescimento gradual.\u00a0Ele fez um jogo contra o Farense, depois contra o Estoril, em casa, onde n\u00f3s tivemos pouca correria,\u00a0muita posse de bola. N\u00f3s sab\u00edamos que havia algum risco com o Manu, n\u00e3o por culpa pr\u00f3pria mas da sua situa\u00e7\u00e3o. N\u00e3o me referia a ele, confesso que fomos mais fortes sem Manu, mas n\u00e3o foi por causa dele que tivemos uma primeira parte t\u00e3o pobre.\u00bb<\/p>\n<p style=\"margin-bottom:11px\">\u00a0<\/p>\n","protected":false},"excerpt":{"rendered":"Jos\u00e9 Mourinho criticou a atua\u00e7\u00e3o do Benfica na derrota ante o Sp. Braga, nesta quarta-feira, por 3-1, na&hellip;\n","protected":false},"author":2,"featured_media":220316,"comment_status":"","ping_status":"","sticky":false,"template":"","format":"standard","meta":{"footnotes":""},"categories":[87],"tags":[51,135,1385,46,7864,32,33,47,1233,134,5344],"class_list":{"0":"post-220315","1":"post","2":"type-post","3":"status-publish","4":"format-standard","5":"has-post-thumbnail","7":"category-desporto","8":"tag-benfica","9":"tag-desporto","10":"tag-jose-mourinho","11":"tag-maisfutebol","12":"tag-mourinho","13":"tag-portugal","14":"tag-pt","15":"tag-pura-paixao","16":"tag-sp-braga","17":"tag-sports","18":"tag-taca-da-liga"},"share_on_mastodon":{"url":"https:\/\/pubeurope.com\/@pt\/115858979205591631","error":""},"_links":{"self":[{"href":"https:\/\/www.europesays.com\/pt\/wp-json\/wp\/v2\/posts\/220315","targetHints":{"allow":["GET"]}}],"collection":[{"href":"https:\/\/www.europesays.com\/pt\/wp-json\/wp\/v2\/posts"}],"about":[{"href":"https:\/\/www.europesays.com\/pt\/wp-json\/wp\/v2\/types\/post"}],"author":[{"embeddable":true,"href":"https:\/\/www.europesays.com\/pt\/wp-json\/wp\/v2\/users\/2"}],"replies":[{"embeddable":true,"href":"https:\/\/www.europesays.com\/pt\/wp-json\/wp\/v2\/comments?post=220315"}],"version-history":[{"count":0,"href":"https:\/\/www.europesays.com\/pt\/wp-json\/wp\/v2\/posts\/220315\/revisions"}],"wp:featuredmedia":[{"embeddable":true,"href":"https:\/\/www.europesays.com\/pt\/wp-json\/wp\/v2\/media\/220316"}],"wp:attachment":[{"href":"https:\/\/www.europesays.com\/pt\/wp-json\/wp\/v2\/media?parent=220315"}],"wp:term":[{"taxonomy":"category","embeddable":true,"href":"https:\/\/www.europesays.com\/pt\/wp-json\/wp\/v2\/categories?post=220315"},{"taxonomy":"post_tag","embeddable":true,"href":"https:\/\/www.europesays.com\/pt\/wp-json\/wp\/v2\/tags?post=220315"}],"curies":[{"name":"wp","href":"https:\/\/api.w.org\/{rel}","templated":true}]}}