{"id":220365,"date":"2026-01-08T11:02:07","date_gmt":"2026-01-08T11:02:07","guid":{"rendered":"https:\/\/www.europesays.com\/pt\/220365\/"},"modified":"2026-01-08T11:02:07","modified_gmt":"2026-01-08T11:02:07","slug":"pai-mae-irma-irmao-kontinental-25-e-outras-estreias-para-esta-semana-cinema","status":"publish","type":"post","link":"https:\/\/www.europesays.com\/pt\/220365\/","title":{"rendered":"Pai, M\u00e3e, Irm\u00e3, Irm\u00e3o , Kontinental \u201825 e outras estreias para esta semana | Cinema"},"content":{"rendered":"<p>Le\u00e3o de Ouro na 82.\u00aa edi\u00e7\u00e3o do <a href=\"https:\/\/www.publico.pt\/festival-de-veneza\" rel=\"nofollow noopener\" target=\"_blank\">Festival de Cinema de Veneza<\/a>, este filme realizado e escrito por <a href=\"https:\/\/www.publico.pt\/jim-jarmusch\" rel=\"nofollow noopener\" target=\"_blank\">Jim Jarmusch<\/a> divide-se em tr\u00eas partes \u2014 Pai, M\u00e3e e Irm\u00e3, Irm\u00e3o \u2014 e fala-nos sobre os la\u00e7os que resistem \u00e0 dist\u00e2ncia e ao passar do tempo. Ao longo das tr\u00eas hist\u00f3rias, acompanhamos breves encontros entre pais, filhos e irm\u00e3os, em diferentes contextos e lugares. As situa\u00e7\u00f5es s\u00e3o simples, por vezes banais, e o seu sentido \u00e9 constru\u00eddo a partir de pequenos gestos e do muito que fica por dizer. Como nos relembra uma das personagens a prop\u00f3sito das dificuldades de relacionamento e comunica\u00e7\u00e3o entre familiares, \u201cpodemos escolher os nossos amigos e amantes, mas n\u00e3o a fam\u00edlia\u201d.<\/p>\n<p>Em termos geogr\u00e1ficos, Pai decorre em New Jersey; M\u00e3e, em Dublin; e Irm\u00e3, Irm\u00e3o, em Paris. O elenco re\u00fane Tom Waits, Adam Driver, Mayim Bialik, Charlotte Rampling, Cate Blanchett, Vicky Krieps, Indya Moore e Luca Sabbat. <a href=\"https:\/\/cinecartaz.publico.pt\/filme\/pai-mae-irma-irmao-414659\" rel=\"nofollow noopener\" target=\"_blank\"><strong>Cr\u00edticas, salas e hor\u00e1rios<\/strong><\/a><\/p>\n<p>        &#13;<br \/>\n             <a class=\"embedly-card\" data-card-controls=\"0\" href=\"https:\/\/www.youtube.com\/watch?v=ib4H-eQZF-Q&amp;t=3s\" rel=\"nofollow noopener\" target=\"_blank\">&#13;<\/p>\n<p>Orsolya, oficial de justi\u00e7a em Cluj, na Transilv\u00e2nia (Rom\u00e9nia), teve como responsabilidade despejar um idoso que ocupava ilegalmente a cave de um pr\u00e9dio antes da sua demoli\u00e7\u00e3o. Ao perceber que a sua ac\u00e7\u00e3o levou o pobre senhor ao suic\u00eddio, depara-se com uma grande dificuldade em gerir o sentimento de culpa por ter contribu\u00eddo para a trag\u00e9dia.<\/p>\n<p>Com um t\u00edtulo inspirado no cl\u00e1ssico <a href=\"https:\/\/cinecartaz.publico.pt\/filme\/europa-51-33273\" rel=\"nofollow noopener\" target=\"_blank\">Europa 51<\/a> (1952), de <a href=\"https:\/\/www.publico.pt\/roberto-rossellini\" rel=\"nofollow noopener\" target=\"_blank\">Roberto Rossellini<\/a>, e distinguido com o Urso de Prata para melhor argumento no Festival de Cinema de Berlim, Kontinental &#8217;25 tem realiza\u00e7\u00e3o do romeno Radu Jude, vencedor do Urso de Ouro em 2021 com <a href=\"https:\/\/cinecartaz.publico.pt\/filme\/bad-luck-banging-or-loony-porn-406560\" rel=\"nofollow noopener\" target=\"_blank\">M\u00e1 Sorte no Sexo ou Porno Acidental<\/a> e do Pr\u00e9mio Especial do J\u00fari em Locarno, em 2023, com <a href=\"https:\/\/cinecartaz.publico.pt\/filme\/nao-esperes-demasiado-fim-mundo-411865\" rel=\"nofollow noopener\" target=\"_blank\">N\u00e3o Esperes Demasiado do Fim do Mundo<\/a>.<\/p>\n<p>Co-produ\u00e7\u00e3o entre Rom\u00e9nia, Brasil, Su\u00ed\u00e7a, Reino Unido e Luxemburgo, esta hist\u00f3ria conta com as actua\u00e7\u00f5es de Eszter Tompa, Gabriel Spahiu, Adonis Tan\u021ba, Oana Mardare, \u0218erban Pavlu, Annam\u00e1ria Biluska e Ilinca Manolache. <a href=\"https:\/\/cinecartaz.publico.pt\/filme\/kontinental-25-414654\" rel=\"nofollow noopener\" target=\"_blank\"><strong>Cr\u00edticas, salas e hor\u00e1rios<\/strong><\/a><\/p>\n<p>        &#13;<br \/>\n             <a class=\"embedly-card\" data-card-controls=\"0\" href=\"https:\/\/www.youtube.com\/watch?v=ar5QxZpBXAM\" rel=\"nofollow noopener\" target=\"_blank\">&#13;<\/p>\n<p>Baseado numa hist\u00f3ria ver\u00eddica j\u00e1 documentada no filme hom\u00f3nimo realizado em 2008 por Greg Kohs, este drama musical acompanha Mike e Claire (interpretados por Hugh Jackman e Kate Hudson), dois m\u00fasicos sem grande sucesso oriundos do Milwaukee (Wisconsin, EUA) que se unem para criar Lightning &amp; Thunder, uma banda de tributo a Neil Diamond. Ao longo de ensaios e digress\u00f5es, partilham sonhos, enfrentam dificuldades e constroem uma rela\u00e7\u00e3o marcada pelo amor, pela supera\u00e7\u00e3o e pela trag\u00e9dia.<\/p>\n<p>Escrito, co-produzido e realizado por Craig Brewer, o filme conta ainda com as actua\u00e7\u00f5es de Michael Imperioli, Ella Anderson, Mustafa Shakir, Fisher Stevens e Jim Belushi. <a href=\"https:\/\/cinecartaz.publico.pt\/filme\/song-sung-blue-414604\" rel=\"nofollow noopener\" target=\"_blank\"><strong>Cr\u00edticas, salas e hor\u00e1rios<\/strong><\/a><\/p>\n<p>        &#13;<br \/>\n             <a class=\"embedly-card\" data-card-controls=\"0\" href=\"https:\/\/www.youtube.com\/watch?v=12fO32GNNvY\" rel=\"nofollow noopener\" target=\"_blank\">&#13;<\/p>\n<p>Brendan Fraser \u00e9 Phillip Vanderploeg, um actor norte-americano em T\u00f3quio em busca de trabalho. Depois de v\u00e1rias tentativas frustradas, aceita uma proposta inesperada: trabalhar para uma ag\u00eancia de fam\u00edlias por encomenda, assumindo pap\u00e9is de substitui\u00e7\u00e3o para pessoas que precisam de colmatar a falta de algu\u00e9m significativo nas suas vidas. Entre as fun\u00e7\u00f5es de pai, melhor amigo ou namorado, Phillip reflecte n\u00e3o s\u00f3 sobre a natureza artificial dessas rela\u00e7\u00f5es, mas tamb\u00e9m sobre o modo como elas acabam por se repercutir na sua pr\u00f3pria exist\u00eancia.<\/p>\n<p>Realizado por Hikari, que tamb\u00e9m produz e co-escreve o argumento com Stephen Blahut, \u00e9 um drama sobre solid\u00e3o, identidade e a necessidade de liga\u00e7\u00e3o humana. Para al\u00e9m de Fraser, o elenco inclui Akira Emoto, Mari Yamamoto, Takehiro Hira e Shannon Mahina Gorman. <a href=\"https:\/\/cinecartaz.publico.pt\/filme\/familia-aluguer-414720\" rel=\"nofollow noopener\" target=\"_blank\"><strong>Salas e hor\u00e1rios<\/strong><\/a><\/p>\n<p>        &#13;<br \/>\n             <a class=\"embedly-card\" data-card-controls=\"0\" href=\"https:\/\/www.youtube.com\/watch?v=CWS1gdHUEGw\" rel=\"nofollow noopener\" target=\"_blank\">&#13;<\/p>\n<p>Na continua\u00e7\u00e3o dos acontecimentos de <a href=\"https:\/\/cinecartaz.publico.pt\/filme\/greenland---o-ultimo-refugio-401188\" rel=\"nofollow noopener\" target=\"_blank\">Greenland<\/a>, a amea\u00e7a imediata do impacto do cometa Clarke foi ultrapassada mas o mundo encontra-se totalmente alterado. Depois de cinco anos a viver em modo de sobreviv\u00eancia num bunker subterr\u00e2neo, os que resistiram \u00e0 cat\u00e1strofe deparam-se com uma nova realidade: praticamente todas as zonas do planeta se tornaram inabit\u00e1veis.<\/p>\n<p>Em busca de um lugar com condi\u00e7\u00f5es m\u00ednimas de subsist\u00eancia, John e Allison Garrity deixam a Gronel\u00e2ndia e seguem em direc\u00e7\u00e3o a uma cratera situada no sul de Fran\u00e7a que, segundo os especialistas, parece reunir condi\u00e7\u00f5es para sustentar a vida. Pelo caminho, enfrentam n\u00e3o apenas um ambiente inst\u00e1vel e imprevis\u00edvel, mas tamb\u00e9m comunidades fragilizadas que, perante a escassez e o medo, se revelam capazes das maiores atrocidades.<\/p>\n<p>Novamente realizado por Ric Roman Waugh e escrito por Chris Sparling, este segundo filme centra-se nas consequ\u00eancias humanas da cat\u00e1strofe v\u00e1rios anos depois. Gerard Butler (na sua terceira colabora\u00e7\u00e3o com Roman Waugh), Morena Baccarin, William Abadie, Amber Rose Revah, Roman Griffin Davis e Trond Fausa Aurv\u00e5g assumem os pap\u00e9is principais. <a href=\"https:\/\/cinecartaz.publico.pt\/filme\/greenland-comeco-414601\" rel=\"nofollow noopener\" target=\"_blank\"><strong>Salas e hor\u00e1rios<\/strong><\/a><\/p>\n<p>        &#13;<br \/>\n             <a class=\"embedly-card\" data-card-controls=\"0\" href=\"https:\/\/www.youtube.com\/watch?v=rIgxhXO-YMQ&amp;t=13s\" rel=\"nofollow noopener\" target=\"_blank\">&#13;<\/p>\n","protected":false},"excerpt":{"rendered":"Le\u00e3o de Ouro na 82.\u00aa edi\u00e7\u00e3o do Festival de Cinema de Veneza, este filme realizado e escrito por&hellip;\n","protected":false},"author":2,"featured_media":220366,"comment_status":"","ping_status":"","sticky":false,"template":"","format":"standard","meta":{"footnotes":""},"categories":[140],"tags":[470,1413,114,115,147,148,1757,146,542,32,33,291],"class_list":{"0":"post-220365","1":"post","2":"type-post","3":"status-publish","4":"format-standard","5":"has-post-thumbnail","7":"category-filmes","8":"tag-cinema","9":"tag-cultura-ipsilon","10":"tag-entertainment","11":"tag-entretenimento","12":"tag-film","13":"tag-filmes","14":"tag-ipsilon","15":"tag-movies","16":"tag-para-redes","17":"tag-portugal","18":"tag-pt","19":"tag-relaxar"},"share_on_mastodon":{"url":"https:\/\/pubeurope.com\/@pt\/115859144385583693","error":""},"_links":{"self":[{"href":"https:\/\/www.europesays.com\/pt\/wp-json\/wp\/v2\/posts\/220365","targetHints":{"allow":["GET"]}}],"collection":[{"href":"https:\/\/www.europesays.com\/pt\/wp-json\/wp\/v2\/posts"}],"about":[{"href":"https:\/\/www.europesays.com\/pt\/wp-json\/wp\/v2\/types\/post"}],"author":[{"embeddable":true,"href":"https:\/\/www.europesays.com\/pt\/wp-json\/wp\/v2\/users\/2"}],"replies":[{"embeddable":true,"href":"https:\/\/www.europesays.com\/pt\/wp-json\/wp\/v2\/comments?post=220365"}],"version-history":[{"count":0,"href":"https:\/\/www.europesays.com\/pt\/wp-json\/wp\/v2\/posts\/220365\/revisions"}],"wp:featuredmedia":[{"embeddable":true,"href":"https:\/\/www.europesays.com\/pt\/wp-json\/wp\/v2\/media\/220366"}],"wp:attachment":[{"href":"https:\/\/www.europesays.com\/pt\/wp-json\/wp\/v2\/media?parent=220365"}],"wp:term":[{"taxonomy":"category","embeddable":true,"href":"https:\/\/www.europesays.com\/pt\/wp-json\/wp\/v2\/categories?post=220365"},{"taxonomy":"post_tag","embeddable":true,"href":"https:\/\/www.europesays.com\/pt\/wp-json\/wp\/v2\/tags?post=220365"}],"curies":[{"name":"wp","href":"https:\/\/api.w.org\/{rel}","templated":true}]}}