{"id":220374,"date":"2026-01-08T11:08:12","date_gmt":"2026-01-08T11:08:12","guid":{"rendered":"https:\/\/www.europesays.com\/pt\/220374\/"},"modified":"2026-01-08T11:08:12","modified_gmt":"2026-01-08T11:08:12","slug":"grande-honra-trump-e-petro-falam-ao-telefone-apos-ameacas-dos-eua-a-colombia","status":"publish","type":"post","link":"https:\/\/www.europesays.com\/pt\/220374\/","title":{"rendered":"&#8220;Grande honra&#8221;. Trump e Petro falam ao telefone ap\u00f3s amea\u00e7as dos EUA \u00e0 Col\u00f4mbia"},"content":{"rendered":"<p data-remotead-prev-elm=\"true\" data-remotead-elm-id=\"inread\">&#8220;Foi uma grande honra falar com o presidente da Col\u00f4mbia, Gustavo Petro, que ligou para explicar a situa\u00e7\u00e3o das drogas e outras diverg\u00eancias que tivemos. Agradeci a sua chamada e o seu tom, e aguardo com expectativa encontr\u00e1-lo num futuro pr\u00f3ximo&#8221;, afirmou, por seu lado, Donald Trump na rede social Truth Social.<\/p>\n<p>O Chefe de Estado norte-americano adiantou que &#8220;est\u00e3o a ser feitos os preparativos entre o Secret\u00e1rio de Estado Marco Rubio e o Ministro dos Neg\u00f3cios Estrangeiros da Col\u00f4mbia&#8221; para a reuni\u00e3o que &#8220;ter\u00e1 lugar na Casa Branca, em Washington, D.C&#8221;.<\/p>\n<p>Por\u00e9m, nenhuma das partes especificou o conte\u00fado nem a dura\u00e7\u00e3o da chamada, mas, segundo meios de comunica\u00e7\u00e3o locais, o tom da conversa, que durou cerca de quinze minutos, foi moderado.<\/p>\n<p data-remotead-prev-elm=\"true\" data-remotead-elm-id=\"centro1\">Isto, depois de ambos se terem provocado mutuamente atrav\u00e9s dos media ou das redes sociais nos \u00faltimos tempos.<\/p>\n<p>O presidente colombiano, de esquerda, tem criticado duramente a a\u00e7\u00e3o militar do governo Trump na regi\u00e3o e acusa os Estados Unidos de terem raptado o presidente venezuelano Nicol\u00e1s Maduro &#8220;sem fundamento legal&#8221;.<\/p>\n<p>Trump respondeu-lhe que deveria &#8220;cuidar do seu traseiro&#8221; e qualificou Petro no domingo como um &#8220;homem doente&#8221; que &#8220;gosta de consumir coca\u00edna&#8221;.<\/p>\n","protected":false},"excerpt":{"rendered":"&#8220;Foi uma grande honra falar com o presidente da Col\u00f4mbia, Gustavo Petro, que ligou para explicar a situa\u00e7\u00e3o&hellip;\n","protected":false},"author":2,"featured_media":220375,"comment_status":"","ping_status":"","sticky":false,"template":"","format":"standard","meta":{"footnotes":""},"categories":[50],"tags":[27,28,8292,41754,15,16,12278,14,25,26,21,22,62,12,13,19,20,23,24,17,18,29,30,31,63,64,65],"class_list":{"0":"post-220374","1":"post","2":"type-post","3":"status-publish","4":"format-standard","5":"has-post-thumbnail","7":"category-mundo","8":"tag-breaking-news","9":"tag-breakingnews","10":"tag-colombia","11":"tag-eua-atacam-venezuela","12":"tag-featured-news","13":"tag-featurednews","14":"tag-gustavo-petro","15":"tag-headlines","16":"tag-latest-news","17":"tag-latestnews","18":"tag-main-news","19":"tag-mainnews","20":"tag-mundo","21":"tag-news","22":"tag-noticias","23":"tag-noticias-principais","24":"tag-noticiasprincipais","25":"tag-principais-noticias","26":"tag-principaisnoticias","27":"tag-top-stories","28":"tag-topstories","29":"tag-ultimas","30":"tag-ultimas-noticias","31":"tag-ultimasnoticias","32":"tag-world","33":"tag-world-news","34":"tag-worldnews"},"share_on_mastodon":{"url":"https:\/\/pubeurope.com\/@pt\/115859167821194900","error":""},"_links":{"self":[{"href":"https:\/\/www.europesays.com\/pt\/wp-json\/wp\/v2\/posts\/220374","targetHints":{"allow":["GET"]}}],"collection":[{"href":"https:\/\/www.europesays.com\/pt\/wp-json\/wp\/v2\/posts"}],"about":[{"href":"https:\/\/www.europesays.com\/pt\/wp-json\/wp\/v2\/types\/post"}],"author":[{"embeddable":true,"href":"https:\/\/www.europesays.com\/pt\/wp-json\/wp\/v2\/users\/2"}],"replies":[{"embeddable":true,"href":"https:\/\/www.europesays.com\/pt\/wp-json\/wp\/v2\/comments?post=220374"}],"version-history":[{"count":0,"href":"https:\/\/www.europesays.com\/pt\/wp-json\/wp\/v2\/posts\/220374\/revisions"}],"wp:featuredmedia":[{"embeddable":true,"href":"https:\/\/www.europesays.com\/pt\/wp-json\/wp\/v2\/media\/220375"}],"wp:attachment":[{"href":"https:\/\/www.europesays.com\/pt\/wp-json\/wp\/v2\/media?parent=220374"}],"wp:term":[{"taxonomy":"category","embeddable":true,"href":"https:\/\/www.europesays.com\/pt\/wp-json\/wp\/v2\/categories?post=220374"},{"taxonomy":"post_tag","embeddable":true,"href":"https:\/\/www.europesays.com\/pt\/wp-json\/wp\/v2\/tags?post=220374"}],"curies":[{"name":"wp","href":"https:\/\/api.w.org\/{rel}","templated":true}]}}