{"id":220376,"date":"2026-01-08T11:09:12","date_gmt":"2026-01-08T11:09:12","guid":{"rendered":"https:\/\/www.europesays.com\/pt\/220376\/"},"modified":"2026-01-08T11:09:12","modified_gmt":"2026-01-08T11:09:12","slug":"ano-2025-foi-o-quinto-mais-quente-e-o-terceiro-mais-chuvoso-em-portugal-continental","status":"publish","type":"post","link":"https:\/\/www.europesays.com\/pt\/220376\/","title":{"rendered":"Ano 2025 foi o quinto mais quente e o terceiro mais chuvoso em Portugal continental"},"content":{"rendered":"<p>&#13;<br \/>\nO ano 2025 foi o quinto mais quente em Portugal continental desde 1931 e o terceiro mais chuvoso desde 2000, segundo o boletim climatol\u00f3gico anual do Instituto Portugu\u00eas do Mar e da Atmosfera (IPMA) hoje divulgado.&#13;\n<\/p>\n<p>&#13;<br \/>\nNo ano passado, o valor m\u00e9dio da temperatura m\u00e9dia do ar foi 16,47\u00baC, mais 0,81\u00baC face ao valor normal do per\u00edodo de refer\u00eancia 1991-2020, tendo o valor m\u00e9dio da temperatura m\u00e1xima sido o quarto mais alto desde 1931 e o da m\u00ednima o s\u00e9timo mais alto.&#13;\n<\/p>\n<p>&#13;<br \/>\nO menor valor da temperatura m\u00ednima (-8.1\u00b0C) foi registado em Miranda do Douro, em 15 de janeiro, e o maior valor da temperatura m\u00e1xima (46,6\u00baC) em Mora, a 29 de junho.&#13;\n<\/p>\n<p>&#13;<br \/>\nDe acordo com o IPMA, 2022, 2023, 1997, 2024 e 2025 foram os cinco anos mais quentes de sempre em Portugal continental.&#13;\n<\/p>\n<p>&#13;<br \/>\nO boletim climatol\u00f3gico anual, na vers\u00e3o resumo hoje divulgada, salienta que 2025 foi o terceiro ano mais chuvoso desde 2000, sendo que &#8220;h\u00e1 11 anos n\u00e3o havia um ano t\u00e3o chuvoso&#8221;, com um total de precipita\u00e7\u00e3o de 1.064,8 mil\u00edmetros, mais 245,5 mil\u00edmetros em rela\u00e7\u00e3o a 1991-2020.&#13;\n<\/p>\n<p>&#13;<br \/>\nO maior valor de precipita\u00e7\u00e3o num s\u00f3 dia (117,0 mil\u00edmetros) foi na Guarda, em 13 de novembro.&#13;\n<\/p>\n<p>&#13;<br \/>\nO ano passado teve seis ondas de calor &#8211; uma na primavera, tr\u00eas no ver\u00e3o (com a de julho\/agosto a ser a mais longa de sempre no interior Norte e Centro) e duas no outono.&#13;\n<\/p>\n<p>&#13;<br \/>\nO IMPA registou, ainda, 44 novos extremos de chuva, 57% dos quais em janeiro e novembro.&#13;\n<\/p>\n<p>&#13;<br \/>\nEm meados de novembro, a passagem da depress\u00e3o Cl\u00e1udia causou tr\u00eas mortos, v\u00e1rios feridos e desalojados. &#13;\n<\/p>\n<p>&#13;<br \/>\nAntes, entre julho e outubro, mais de metade do territ\u00f3rio continental (60% a 99%) esteve em seca meteorol\u00f3gica, com os inc\u00eandios florestais de ver\u00e3o a provocarem quatro mortos e dezenas de feridos nas regi\u00f5es Norte e Centro.&#13;<\/p>\n","protected":false},"excerpt":{"rendered":"&#13; O ano 2025 foi o quinto mais quente em Portugal continental desde 1931 e o terceiro mais&hellip;\n","protected":false},"author":2,"featured_media":220377,"comment_status":"","ping_status":"","sticky":false,"template":"","format":"standard","meta":{"footnotes":""},"categories":[10],"tags":[27,28,15,16,14,42683,350,25,26,21,22,10586,12,13,19,20,32,23,24,33,17,18,29,30,31],"class_list":{"0":"post-220376","1":"post","2":"type-post","3":"status-publish","4":"format-standard","5":"has-post-thumbnail","7":"category-portugal","8":"tag-breaking-news","9":"tag-breakingnews","10":"tag-featured-news","11":"tag-featurednews","12":"tag-headlines","13":"tag-impa","14":"tag-ipma","15":"tag-latest-news","16":"tag-latestnews","17":"tag-main-news","18":"tag-mainnews","19":"tag-mora","20":"tag-news","21":"tag-noticias","22":"tag-noticias-principais","23":"tag-noticiasprincipais","24":"tag-portugal","25":"tag-principais-noticias","26":"tag-principaisnoticias","27":"tag-pt","28":"tag-top-stories","29":"tag-topstories","30":"tag-ultimas","31":"tag-ultimas-noticias","32":"tag-ultimasnoticias"},"share_on_mastodon":{"url":"https:\/\/pubeurope.com\/@pt\/115859171836367240","error":""},"_links":{"self":[{"href":"https:\/\/www.europesays.com\/pt\/wp-json\/wp\/v2\/posts\/220376","targetHints":{"allow":["GET"]}}],"collection":[{"href":"https:\/\/www.europesays.com\/pt\/wp-json\/wp\/v2\/posts"}],"about":[{"href":"https:\/\/www.europesays.com\/pt\/wp-json\/wp\/v2\/types\/post"}],"author":[{"embeddable":true,"href":"https:\/\/www.europesays.com\/pt\/wp-json\/wp\/v2\/users\/2"}],"replies":[{"embeddable":true,"href":"https:\/\/www.europesays.com\/pt\/wp-json\/wp\/v2\/comments?post=220376"}],"version-history":[{"count":0,"href":"https:\/\/www.europesays.com\/pt\/wp-json\/wp\/v2\/posts\/220376\/revisions"}],"wp:featuredmedia":[{"embeddable":true,"href":"https:\/\/www.europesays.com\/pt\/wp-json\/wp\/v2\/media\/220377"}],"wp:attachment":[{"href":"https:\/\/www.europesays.com\/pt\/wp-json\/wp\/v2\/media?parent=220376"}],"wp:term":[{"taxonomy":"category","embeddable":true,"href":"https:\/\/www.europesays.com\/pt\/wp-json\/wp\/v2\/categories?post=220376"},{"taxonomy":"post_tag","embeddable":true,"href":"https:\/\/www.europesays.com\/pt\/wp-json\/wp\/v2\/tags?post=220376"}],"curies":[{"name":"wp","href":"https:\/\/api.w.org\/{rel}","templated":true}]}}