{"id":220378,"date":"2026-01-08T11:10:15","date_gmt":"2026-01-08T11:10:15","guid":{"rendered":"https:\/\/www.europesays.com\/pt\/220378\/"},"modified":"2026-01-08T11:10:15","modified_gmt":"2026-01-08T11:10:15","slug":"o-que-se-passa-em-alcochete-observador","status":"publish","type":"post","link":"https:\/\/www.europesays.com\/pt\/220378\/","title":{"rendered":"o que se passa em Alcochete? \u2013 Observador"},"content":{"rendered":"<p>Olhemos para o exemplo de Ricardo Mangas: chegou como refor\u00e7ou low cost a Alvalade por uma verba que no futebol atual serve para quantificar ordenados e n\u00e3o transfer\u00eancias (300 mil euros), aproveitou a les\u00e3o de Maxi Ara\u00fajo para aparecer na forma\u00e7\u00e3o inicial, cedeu o lugar quando o uruguaio foi aposta como lateral. De seguida, andou v\u00e1rias semanas entre suplente n\u00e3o utilizado e entradas nos segundos tempos. A meio do m\u00eas de dezembro, o jogador de 27 anos foi testado frente ao AVS com Maxi Ara\u00fajo mais \u00e0 frente. Correu bem. E voltou a correr bem, com o V. Guimar\u00e3es. E correu de novo bem, diante do Rio Ave. Problema? Com todas as substitui\u00e7\u00f5es esgotadas, Mangas caiu no relvado, alongou, esticou mais uma vez as pernas, fez um sacrif\u00edcio para cumprir os 90 minutos. No encontro seguinte, no in\u00edcio de 2026, <strong>estava de fora \u2013 e por les\u00e3o.<\/strong><\/p>\n<p>O caso do esquerdino entronca num dos atuais problemas de Rui Borges: a falta de op\u00e7\u00f5es para dar maior rotatividade aos jogadores utilizados. \u00c9 quase como se fosse uma \u201cbola de neve\u201d: cai um, cai outro, cai mais um e os que ficam acabam por ficar mais perto de cair pelo desgaste acumulado. <strong>Azar, muito azar ou algo mais?<\/strong> Em Alcochete, impera sobretudo a segunda ideia. Pedro Gon\u00e7alves e Morita s\u00e3o dois casos \u00e0 parte de todos os ausentes, neste caso por envolverem problemas musculares e\/ou reincid\u00eancias, sendo que a maioria dos restantes lesionados depois dos problemas de Diomande e Maxi Ara\u00fajo no jogo de estreia na Primeira Liga frente ao Casa Pia surgiram sobretudo de situa\u00e7\u00f5es traum\u00e1ticas que s\u00e3o imposs\u00edveis de controlar ou sequer prever, como aquelas que v\u00e3o afastar Eduardo Quaresma e Fotis Ioannidis, que sa\u00edram na meia-final da Ta\u00e7a da Liga, das pr\u00f3ximas partidas dos le\u00f5es. \u201c\u00c9 um caso de estudo\u201d, desabafou o treinador ap\u00f3s o jogo.<\/p>\n<blockquote>\n<p>Pela primeira vez, sinto-o mais, acredito que a equipa sinta isso. \u00c9 imposs\u00edvel por mais que sejamos positivos e otimistas, custa ver tanta gente de fora mas jamais servir\u00e1 de desculpa. Em termos de les\u00f5es \u00e9 inacredit\u00e1vel o que nos tem acontecido (\u2026) Se preocupa? Sim mas n\u00e3o foi a quantidade de les\u00f5es musculares que nos p\u00f5e os jogadores de fora. S\u00e3o coisas que n\u00e3o podemos controlar. A minha maior tristeza \u00e9 sair daqui com menos dois jogadores para o pr\u00f3ximo jogo. Por mais que seja otimista, \u00e9 imposs\u00edvel que n\u00e3o o sinta, assim como a equipa. S\u00e3o coisas traum\u00e1ticas, n\u00e3o musculares, e temos de seguir caminho\u201d, defendeu Rui Borges.<\/p>\n<\/blockquote>\n<p>Em termos internos, a situa\u00e7\u00e3o preocupa mas existe esperan\u00e7a que, aos poucos, o cen\u00e1rio v\u00e1 ficando mais desanuviado. Haver\u00e1 sempre quest\u00f5es a melhorar mas <strong>n\u00e3o \u00e9 o atual cen\u00e1rio de muitas aus\u00eancias que ir\u00e1 promover uma \u201crevolu\u00e7\u00e3o\u201d em Alcochete<\/strong> a n\u00edvel de m\u00e9todos de prepara\u00e7\u00e3o e recupera\u00e7\u00e3o. Morten Hjulmand e Maxi Ara\u00fajo est\u00e3o de fora com o Casa Pia por castigo mas voltam depois para jogos decisivos em janeiro para Campeonato e Liga dos Campe\u00f5es, ao passo que Gon\u00e7alo In\u00e1cio regressa ap\u00f3s suspens\u00e3o. Entre os lesionados, Daniel Bragan\u00e7a recupera agora o ritmo competitivo para ser op\u00e7\u00e3o de forma mais consistente (jogou pela equipa B e esteve no banco em Leiria), Zeno Debast est\u00e1 quase recuperado e Geny Catamo volta da CAN, ao passo que chegar\u00e1 pelo menos mais um refor\u00e7o em janeiro al\u00e9m de Luis Guilherme. Depois, a prioridade ser\u00e1 o regresso aos poucos de Pedro Gon\u00e7alves, com toda a import\u00e2ncia que tem na equipa.<\/p>\n<p>Com mais op\u00e7\u00f5es a postos, Rui Borges ter\u00e1 condi\u00e7\u00f5es para gerir tudo de outra forma, nomeadamente evitar que algumas unidades com maior utiliza\u00e7\u00e3o fiquem com sobrecarga de jogos. No entanto, <strong>os 118 jogos de aus\u00eancia por les\u00e3o de 15 jogadores do Sporting j\u00e1 perderam esta temporada<\/strong> (fora poupan\u00e7as nas ta\u00e7as, ap\u00f3s semanas de sele\u00e7\u00f5es ou CAN) t\u00eam feito mossa naquilo que \u00e9 o rendimento da equipa, algo que a utiliza\u00e7\u00e3o de elementos da equipa B n\u00e3o consegue travar num remake do que aconteceu em 2024\/25.<\/p>\n<p>        <img src=\"https:\/\/www.europesays.com\/pt\/wp-content\/uploads\/2026\/01\/quaresma-sporting.jpg\" alt=\"\" loading=\"lazy\" decoding=\"async\" class=\"\" onload=\"this.parentElement.classList.remove('spinner')\" onerror=\"this.parentElement.classList.remove('spinner')\" width=\"1440\" height=\"960\"\/><br \/>\n    Luis Eiras<\/p>\n<p class=\"wp-caption-text\">Eduardo Quaresma sofreu uma fratura na cara frente ao V. Guimar\u00e3es e ser\u00e1 operado mas tempo de aus\u00eancia pode ser inferior ao esperado<\/p>\n<p>\u00c9 o setor que por norma tem menos problemas em termos f\u00edsicos, foi tamb\u00e9m um setor que n\u00e3o passou ao lado da onda de les\u00f5es que toca quase a todos no plantel verde e branco: a meio de setembro, depois da pausa inicial para compromissos das sele\u00e7\u00f5es, Rui Silva sofreu um traumatismo no polegar da m\u00e3o esquerda, ainda se pensou que poderia n\u00e3o ser algo impeditivo de jogar mas acabou por falhar tr\u00eas partidas oficiais na Liga e na Champions. Jo\u00e3o Virg\u00ednia foi chamado \u00e0 baliza verde e branca, que n\u00e3o se \u201cressentiu\u201d da aus\u00eancia do seu n\u00famero 1 e somou tr\u00eas vit\u00f3rias seguidas diante de Famalic\u00e3o (2-1), Kairat Almaty (4-1) e Moreirense (3-0).<\/p>\n<ul>\n<li><strong>Rui Silva:<\/strong> 3 jogos de aus\u00eancia por les\u00e3o (traum\u00e1tica)<\/li>\n<li><strong>Jo\u00e3o Virg\u00ednia:<\/strong> 0 jogos de aus\u00eancia por les\u00e3o<\/li>\n<li><strong>Diego Callai:<\/strong> 0 jogos de aus\u00eancia por les\u00e3o<\/li>\n<\/ul>\n<p>        <img src=\"https:\/\/www.europesays.com\/pt\/wp-content\/uploads\/2026\/01\/gettyimages-2213797054-scaled.jpg\" alt=\"GettyImages-2213797054\" loading=\"lazy\" decoding=\"async\" class=\"\" onload=\"this.parentElement.classList.remove('spinner')\" onerror=\"this.parentElement.classList.remove('spinner')\" width=\"1440\" height=\"960\"\/><br \/>\n    AFP via Getty Images<\/p>\n<p class=\"wp-caption-text\">Rui Silva ficou tr\u00eas jogos de fora devido a um traumatismo no polegar mas n\u00e3o demorou a voltar \u00e0 baliza dos le\u00f5es<\/p>\n<p>Com St. Juste relegado para a equipa B depois de ter recusado v\u00e1rios cen\u00e1rios de sa\u00edda no \u00faltimo ver\u00e3o, Rui Borges passou a contar com quatro jogadores para o eixo central recuado que entretanto deixara cair a linha a tr\u00eas que vinha dos tempos de Ruben Amorim. Ou seja, e basicamente, o Sporting tinha aquilo que todos os plant\u00e9is costumam apresentar. No entanto, isso foi ficando curto:\u00a0<strong>Diomande,<\/strong> que est\u00e1 agora na CAN, sofreu uma les\u00e3o muscular na coxa direita na primeira parte do jogo da primeira jornada com o Casa Pia e ficou nove jogos de fora, em outubro foi a vez de <strong>Zeno Debast<\/strong> ter um problema muscular que afetava o joelho e perder pelo menos 16 encontros, agora o azar tocou a <strong>Eduardo Quaresma<\/strong> que, ap\u00f3s sofrer uma fratura na cara nas meias-finais da Ta\u00e7a da Liga com o V. Guimar\u00e3es, ficar\u00e1 algumas semanas ausente. S\u00f3 <strong>Gon\u00e7alo In\u00e1cio<\/strong> resistiu a essas razias c\u00edclicas, apesar do traumatismo num g\u00e9meo na Sele\u00e7\u00e3o que assustou.<\/p>\n<p>As laterais eram posi\u00e7\u00f5es com menos problemas mas tamb\u00e9m come\u00e7am a enfrentar os seus dilemas \u2013 que t\u00eam impacto a outros n\u00edveis, com o caso pr\u00e1tico de <strong>Maxi Ara\u00fajo<\/strong> render mais como ala mas ter muitas vezes de descer para lateral por for\u00e7a das circunst\u00e2ncias. Tamb\u00e9m o internacional uruguaio saiu lesionado do jogo frente ao Casa Pia que abriu a Liga mas o problema na coxa esquerda, havendo depois paragem para partidas das sele\u00e7\u00f5es, fez com perdesse apenas tr\u00eas encontros oficiais. Mais recentemente, e quanto tinha recuperado a titularidade, <strong>Ricardo Mangas<\/strong> teve um problema muscular num g\u00e9meo e falhou os dois \u00faltimos jogos. A direita \u00e9 a posi\u00e7\u00e3o que menos tem sofrido com les\u00f5es, apesar de uma entorse no tornozelo que fez com que <strong>Iv\u00e1n Fresneda<\/strong> falhasse a partida na Champions frente \u00e0 Juventus em Turim. <strong>Nuno Santos<\/strong> continua a recuperar da opera\u00e7\u00e3o a uma rotura do tend\u00e3o rotuliano do joelho direito, ao passo que <strong>Matheus Reis,<\/strong> que tanto pode alinhar no meio como \u00e0 esquerda, come\u00e7ou a temporada com um castigo da \u00e9poca transata.<\/p>\n<ul>\n<li><strong>Iv\u00e1n Fresneda<\/strong>: 1 jogo de aus\u00eancia por les\u00e3o (traum\u00e1tica)<\/li>\n<li><strong>Georgios Vagiannidis:<\/strong> 0 jogos de aus\u00eancia por les\u00e3o<\/li>\n<li><strong>Ousmane Diamonde:<\/strong> 9 jogos de aus\u00eancia por les\u00e3o (muscular)<\/li>\n<li><strong>Zeno Debast:<\/strong> 16 jogos de aus\u00eancia por les\u00e3o (muscular\/joelho)<\/li>\n<li><strong>Eduardo Quaresma:<\/strong> 0 jogos de aus\u00eancia por les\u00e3o<\/li>\n<li><strong>Gon\u00e7alo In\u00e1cio:<\/strong> 0 jogos de aus\u00eancia por les\u00e3o<\/li>\n<li><strong>Matheus Reis:<\/strong> 0 jogos de aus\u00eancia por les\u00e3o<\/li>\n<li><strong>Nuno Santos:<\/strong> 29 jogos de aus\u00eancia por les\u00e3o (ligamentar)<\/li>\n<li><strong>Ricardo Mangas:<\/strong> 2 jogos de aus\u00eancia por les\u00e3o (muscular)<\/li>\n<li><strong>Maxi Ara\u00fajo:<\/strong> 3 jogos de aus\u00eancia por les\u00e3o (muscular)<\/li>\n<\/ul>\n<p>        <img src=\"https:\/\/www.europesays.com\/pt\/wp-content\/uploads\/2026\/01\/45455669.jpg\" alt=\"Casa Pia`s Larrazabal (R) fights for the ball with Sporting`s Diomande during their Portuguese Soccer League match held at Rio Maior Municipal Stadium, Rio Maior, Portugal, 8th August 2025. PAULO CUNHA\/LUSA\" loading=\"lazy\" decoding=\"async\" class=\"\" onload=\"this.parentElement.classList.remove('spinner')\" onerror=\"this.parentElement.classList.remove('spinner')\" width=\"1440\" height=\"960\"\/><br \/>\n    PAULO CUNHA\/LUSA<\/p>\n<p class=\"wp-caption-text\">Diomande lesionou-se na coxa na primeira jornada do Campeonato, perdeu nove jogos, regressou e est\u00e1 agora na CAN<\/p>\n<p>O meio-campo \u00e9 um setor que tem conseguido passar mais ou menos ao lado de todos os problemas f\u00edsicos que t\u00eam fustigado o plantel mas nem por isso deixa de ter quest\u00f5es que v\u00e3o limitando o raio de atua\u00e7\u00e3o de Rui Borges. <strong>Foco de tudo? Morita.<\/strong> Apesar de estar no \u00faltimo ano de contrato, o japon\u00eas acabou por ficar no plantel mesmo sem renovar, teve uma primeira les\u00e3o muscular no final de agosto que lhe retirou dois jogos oficiais, sentiu um desconforto depois do regresso e pareceu sempre andar no limite com implica\u00e7\u00e3o direta no rendimento, muito longe das primeiras \u00e9pocas em Alvalade. Com o japon\u00eas nessa condi\u00e7\u00e3o, e sem a possibilidade de recuar Pedro Gon\u00e7alves pelas les\u00f5es do internacional, tudo o resto no setor ficou afetado.<\/p>\n<p><strong>Morten Hjulmand<\/strong> e <strong>Jo\u00e3o Sim\u00f5es,<\/strong> que perdeu os \u00faltimos meses da \u00faltima \u00e9poca devido a uma fratura no p\u00e9 direito e s\u00f3 regressou em pleno em 2025\/26, t\u00eam sido os habituais titulares, tendo em conta tamb\u00e9m que o nome novo do meio-campo, <strong>Giorgi Kochorashvili,<\/strong> continua sem mostrar o porqu\u00ea de ter sido contratado ao Levante numa aposta pensada ainda na \u00e9poca anterior. A sobrecarga de jogos fez com que houvesse uma perspetiva de resguardo ao m\u00e1ximo dos dois m\u00e9dios, at\u00e9 porque s\u00f3 agora <strong>Daniel Bragan\u00e7a<\/strong> voltou a contar ap\u00f3s ter sido operado a uma rotura total do ligamento cruzado anterior do joelho esquerdo e <strong>Debast,<\/strong> que foi op\u00e7\u00e3o na \u00faltima \u00e9poca mais \u00e0 frente, tamb\u00e9m se lesionou. \u00c9 a\u00ed que entronca o problema: com menos rota\u00e7\u00e3o, Hjulmand e Jo\u00e3o Sim\u00f5es acusam mais o desgaste (e ficam mais propensos a les\u00f5es).<\/p>\n<ul>\n<li><strong>Morten Hjulmand:<\/strong> 0 jogos de aus\u00eancia por les\u00e3o<\/li>\n<li><strong>Jo\u00e3o Sim\u00f5es:<\/strong> 0 jogos de aus\u00eancia por les\u00e3o<\/li>\n<li><strong>Hidemasa Morita:<\/strong> 2 jogos de aus\u00eancia por les\u00e3o (muscular)<\/li>\n<li><strong>Giorgi Kochorashvili:<\/strong> 0 jogos de aus\u00eancia por les\u00e3o<\/li>\n<li><strong>Daniel Bragan\u00e7a:<\/strong> 28 jogos de aus\u00eancia por les\u00e3o (ligamentar)<\/li>\n<\/ul>\n<p>        <img src=\"https:\/\/www.europesays.com\/pt\/wp-content\/uploads\/2026\/01\/gettyimages-2249543306-scaled.jpg\" alt=\"GettyImages-2249543306\" loading=\"lazy\" decoding=\"async\" class=\"\" onload=\"this.parentElement.classList.remove('spinner')\" onerror=\"this.parentElement.classList.remove('spinner')\" width=\"1440\" height=\"959\"\/><br \/>\n    AFP via Getty Images<\/p>\n<p class=\"wp-caption-text\">Morita j\u00e1 ficou de fora de alguns jogos por quest\u00f5es musculares na \u00e9poca onde est\u00e1 a ter menor utiliza\u00e7\u00e3o em Alvalade<\/p>\n<p>Quando assumiu a mudan\u00e7a t\u00e1tica na presente temporada do 3x4x3 que vinha dos tempos de Ruben Amorim para o 4x2x3x1 que tem como melhor estrat\u00e9gia, Rui Borges sabia na perfei\u00e7\u00e3o os pr\u00f3s e contras que teria pela frente \u2013 e n\u00e3o se limitou apenas a \u201cmudar\u201d porque muitas vezes o Sporting ainda tem comportamentos defensivos a cinco como antigamente. Nessa mudan\u00e7a, o jogo dos criativos, n\u00e3o s\u00f3 os alas mas tamb\u00e9m quem jogasse no apoio direto a Luis Su\u00e1rez pelo meio, assumia outra preponder\u00e2ncia e tem sido a\u00ed que entronca <strong>um dos grandes problemas dos le\u00f5es,<\/strong> que levou \u00e0 contrata\u00e7\u00e3o do brasileiro Lu\u00eds Guilherme em janeiro.<\/p>\n<p><strong>Pedro Gon\u00e7alves,<\/strong> que esteve v\u00e1rios meses ausente na \u00faltima \u00e9poca por uma les\u00e3o muscular grave na coxa, voltou a mostrar a import\u00e2ncia que tem na equipa do Sporting (dez golos e seis assist\u00eancias em 19 jogos) mas voltou tamb\u00e9m a \u201ccair\u201d com problemas f\u00edsicos: a les\u00e3o na coxa direita sofrida frente ao Santa Clara colocou-o de fora dois jogos, a reincid\u00eancia do problema \u201cno \u00faltimo lance do treino\u201d, como referiu Rui Borges, faz com que esteja de fora desde o in\u00edcio de dezembro. Tamb\u00e9m <strong>Geovany Quenda,<\/strong> que leva sete aus\u00eancias por les\u00e3o, vai demorar a voltar ap\u00f3s ter sido operado a uma fratura no p\u00e9. J\u00e1 <strong>Geny Catamo,<\/strong> que falhara tr\u00eas jogos por um problema muscular numa partida por Mo\u00e7ambique, s\u00f3 agora voltar\u00e1 da CAN. At\u00e9 <strong>Salvador Blopa,<\/strong> jovem jogador de 18 anos lan\u00e7ado com sucesso na Ta\u00e7a da Liga com o Alverca, teve de parar devido a uma quest\u00e3o no g\u00e9meo. Desta forma, <strong>Francisco Trinc\u00e3o<\/strong> foi a exce\u00e7\u00e3o numa temporada em que se estava a destacar at\u00e9 mais pelo que fazia mais \u201csolto\u201d, entre corredor central e direita, tendo falhado apenas um jogo em Munique frente ao Benfica e por uma quest\u00e3o de \u00edndole\u00a0traum\u00e1tico contra\u00edda no d\u00e9rbi com o Benfica.<\/p>\n<ul>\n<li><strong>Geny Catamo:<\/strong> 3 jogos de aus\u00eancia por les\u00e3o (muscular)<\/li>\n<li><strong>Geovany Quenda:<\/strong> 7 jogos de aus\u00eancia por les\u00e3o (traum\u00e1tico)<\/li>\n<li><strong>Francisco Trinc\u00e3o:<\/strong> 1 jogo de aus\u00eancia por les\u00e3o (traum\u00e1tico)<\/li>\n<li><strong>Pedro Gon\u00e7alves:<\/strong> 9 jogos de aus\u00eancia por les\u00f5es (musculares)<\/li>\n<li><strong>Alisson:<\/strong> 0 jogos de aus\u00eancia por les\u00e3o<\/li>\n<li><strong>Salvador Blopa:<\/strong> 2 jogos de aus\u00eancia por les\u00e3o (muscular)<\/li>\n<li><strong>Lu\u00eds Guilherme:<\/strong> 0 jogos de aus\u00eancia por les\u00e3o<\/li>\n<\/ul>\n<p>        <img src=\"https:\/\/www.europesays.com\/pt\/wp-content\/uploads\/2026\/01\/gettyimages-2249523644.jpg\" alt=\"GettyImages-2249523644\" loading=\"lazy\" decoding=\"async\" class=\"\" onload=\"this.parentElement.classList.remove('spinner')\" onerror=\"this.parentElement.classList.remove('spinner')\" width=\"1440\" height=\"970\"\/><br \/>\n    AFP via Getty Images<\/p>\n<p class=\"wp-caption-text\">Apesar dos nove jogos de aus\u00eancia por les\u00e3o que j\u00e1 leva, Pote fez a diferen\u00e7a em campo com dez golos e seis assist\u00eancias em 19 encontros<\/p>\n<p>Com <strong>Fotis Ioannidis<\/strong> a assinar no final do mercado de ver\u00e3o pelo Sporting quase por \u201ctroca\u201d com Conrad Harder, que rumou ao RB Leipzig, os le\u00f5es mantiveram a aposta em dois avan\u00e7ados no plantel que poderiam depois ser \u201crefor\u00e7ados\u201d por jovens da equipa B tendo em conta esse plano A de jogar s\u00f3 com uma unidade na frente. Numa primeira inst\u00e2ncia, o grego ia sobretudo atuando no lugar de Luis Su\u00e1rez; depois, perante as muitas aus\u00eancias no plantel, jogou em dupla com o colombiano \u2013 e com sucesso. No entanto, e j\u00e1 depois de uma les\u00e3o no ligamento colateral interno do joelho direito que o afastou durante um m\u00eas at\u00e9 ao in\u00edcio de dezembro, o hel\u00e9nico voltou a sair lesionado na meia-final da Ta\u00e7a da Liga com o V. Guimar\u00e3es, deixando outra vez <strong>Luis Su\u00e1rez<\/strong> como \u00fanica op\u00e7\u00e3o de raiz na frente de ataque do conjunto verde e branco.<\/p>\n<ul>\n<li><strong>Luis Su\u00e1rez:<\/strong> 0 jogos de aus\u00eancia por les\u00e3o<\/li>\n<li><strong>Fotis Ioannidis:<\/strong> 3 jogos de aus\u00eancia por les\u00e3o (traum\u00e1tica)<\/li>\n<\/ul>\n<p>        <img src=\"https:\/\/www.europesays.com\/pt\/wp-content\/uploads\/2026\/01\/doc202512184622823512601645.jpg\" alt=\"\" loading=\"lazy\" decoding=\"async\" class=\"\" onload=\"this.parentElement.classList.remove('spinner')\" onerror=\"this.parentElement.classList.remove('spinner')\" width=\"1440\" height=\"960\"\/><br \/>\n    EPA<\/p>\n<p class=\"wp-caption-text\">Depois do problema no ligamento do joelho contra\u00eddo contra o Santa Clara, que o afastou um m\u00eas, Ioannidis voltou a lesionar-se<\/p>\n","protected":false},"excerpt":{"rendered":"Olhemos para o exemplo de Ricardo Mangas: chegou como refor\u00e7ou low cost a Alvalade por uma verba que&hellip;\n","protected":false},"author":2,"featured_media":220379,"comment_status":"","ping_status":"","sticky":false,"template":"","format":"standard","meta":{"footnotes":""},"categories":[8],"tags":[27,28,135,15,16,524,14,25,26,21,22,12,13,19,20,32,23,24,33,34,17,18,29,30,31],"class_list":{"0":"post-220378","1":"post","2":"type-post","3":"status-publish","4":"format-standard","5":"has-post-thumbnail","7":"category-principais-noticias","8":"tag-breaking-news","9":"tag-breakingnews","10":"tag-desporto","11":"tag-featured-news","12":"tag-featurednews","13":"tag-futebol","14":"tag-headlines","15":"tag-latest-news","16":"tag-latestnews","17":"tag-main-news","18":"tag-mainnews","19":"tag-news","20":"tag-noticias","21":"tag-noticias-principais","22":"tag-noticiasprincipais","23":"tag-portugal","24":"tag-principais-noticias","25":"tag-principaisnoticias","26":"tag-pt","27":"tag-sporting","28":"tag-top-stories","29":"tag-topstories","30":"tag-ultimas","31":"tag-ultimas-noticias","32":"tag-ultimasnoticias"},"share_on_mastodon":{"url":"https:\/\/pubeurope.com\/@pt\/115859175929615323","error":""},"_links":{"self":[{"href":"https:\/\/www.europesays.com\/pt\/wp-json\/wp\/v2\/posts\/220378","targetHints":{"allow":["GET"]}}],"collection":[{"href":"https:\/\/www.europesays.com\/pt\/wp-json\/wp\/v2\/posts"}],"about":[{"href":"https:\/\/www.europesays.com\/pt\/wp-json\/wp\/v2\/types\/post"}],"author":[{"embeddable":true,"href":"https:\/\/www.europesays.com\/pt\/wp-json\/wp\/v2\/users\/2"}],"replies":[{"embeddable":true,"href":"https:\/\/www.europesays.com\/pt\/wp-json\/wp\/v2\/comments?post=220378"}],"version-history":[{"count":0,"href":"https:\/\/www.europesays.com\/pt\/wp-json\/wp\/v2\/posts\/220378\/revisions"}],"wp:featuredmedia":[{"embeddable":true,"href":"https:\/\/www.europesays.com\/pt\/wp-json\/wp\/v2\/media\/220379"}],"wp:attachment":[{"href":"https:\/\/www.europesays.com\/pt\/wp-json\/wp\/v2\/media?parent=220378"}],"wp:term":[{"taxonomy":"category","embeddable":true,"href":"https:\/\/www.europesays.com\/pt\/wp-json\/wp\/v2\/categories?post=220378"},{"taxonomy":"post_tag","embeddable":true,"href":"https:\/\/www.europesays.com\/pt\/wp-json\/wp\/v2\/tags?post=220378"}],"curies":[{"name":"wp","href":"https:\/\/api.w.org\/{rel}","templated":true}]}}