{"id":220405,"date":"2026-01-08T11:31:07","date_gmt":"2026-01-08T11:31:07","guid":{"rendered":"https:\/\/www.europesays.com\/pt\/220405\/"},"modified":"2026-01-08T11:31:07","modified_gmt":"2026-01-08T11:31:07","slug":"mourinho-caustico-com-a-exibicao-do-benfica-primeira-parte-horrivel","status":"publish","type":"post","link":"https:\/\/www.europesays.com\/pt\/220405\/","title":{"rendered":"Mourinho c\u00e1ustico com a exibi\u00e7\u00e3o do Benfica: &#8220;Primeira parte horr\u00edvel&#8221;"},"content":{"rendered":"<p data-remotead-prev-elm=\"true\" data-remotead-elm-id=\"inread\">Na rea\u00e7\u00e3o \u00e0 derrota do Benfica na meia-final da Ta\u00e7a da Liga com o Braga, Jos\u00e9 Mourinho foi cr\u00edtico da exibi\u00e7\u00e3o das \u00e1guias, sobretudo pela exibi\u00e7\u00e3o realizada na primeira parte.<\/p>\n<p>&#8220;Pe\u00e7o desculpa ao Braga, n\u00e3o consigo dizer que o Braga mereceu ganhar. Foi o Benfica que mereceu perder. Fomos n\u00f3s que fizemos uma primeira parte horr\u00edvel. Come\u00e7\u00e1mos bem, tivemos uma grande oportunidade aos cinco minutos, mas depois houve um clique inexplic\u00e1vel de perda de qualidade, perdas de bola incr\u00edveis, um segundo golo absolutamente inaceit\u00e1vel. Foi uma primeira parte horr\u00edvel a todos os n\u00edveis, do ponto de vista mental e t\u00e9cnico. Cometemos erros inaceit\u00e1veis numa meia-final de uma competi\u00e7\u00e3o ou em qualquer circunst\u00e2ncia, at\u00e9 num jogo de pr\u00e9-\u00e9poca com os nossos vizinhos no Seixal&#8221;, disse o treinador da equipa benfiquista.<\/p>\n<p>&#8220;A segunda parte foi o oposto. Fomos uma equipa corajosa, agressiva, a ganhar duelos, que come\u00e7ou a meter o Braga encostado \u00e0s cordas. Era importante marcar o primeiro golo e depois continuar a apert\u00e1-los mais. Mas depois o 3-1 \u00e9 outro golo inexplic\u00e1vel. Para virar resultados, n\u00e3o podemos cometer erros defensivos. O 2-1 n\u00e3o era dif\u00edcil de virar, estava ali. Fizemos as substitui\u00e7\u00f5es, com as entradas do Sidny Cabral e do Ivanovic, para dar profundidade e presen\u00e7a na \u00e1rea, e depois numa bola parada longe da \u00e1rea sofremos o terceiro golo. Foi a cereja no topo do bolo. Quem merece perder, comete estes erros&#8221;, acrescentou, assumindo que falou com os jogadores no balne\u00e1rio ap\u00f3s a partida.<\/p>\n<p data-remotead-prev-elm=\"true\" data-remotead-elm-id=\"centro1\">&#8220;H\u00e1 coisas que se podem dizer internamente e que n\u00e3o se podem dizer c\u00e1 fora. N\u00e3o costumo faz\u00ea-lo depois dos jogos, mas falei com a equipa num tom cr\u00edtico, embora calmo. N\u00e3o houve portas pelo ar, nem nada disso. Foi quase um mon\u00f3logo porque n\u00e3o senti os jogadores em condi\u00e7\u00f5es de conversar. Houve rendimentos individuais muito baixos, que se traduzem numa performance coletiva muito, muito fraca na primeira parte&#8221;, referiu, falando ainda do pr\u00f3ximo jogo, frente ao F. C. Porto, na Ta\u00e7a de Portugal, no qual n\u00e3o vai poder contar com Otamendi no centro da defesa.<\/p>\n<p>&#8220;Vamos jogar contra a equipa mais forte em Portugal neste momento. Os pontos assim o dizem. Expuls\u00e3o de Otamendi? N\u00e3o tenho a certeza se o Jo\u00e3o Pinheiro ser\u00e1 assim com todos os capit\u00e3es de equipa. Parecia quase vontade de Otamendi ser expulso. Quando uma equipa est\u00e1 a perder e os jogadores est\u00e3o desequilibrados emocionalmente, parece-me descabido expulsar um jogador assim. Uma coisa \u00e9 um insulto, outra \u00e9 uma discuss\u00e3o. Com o Ant\u00f3nio Silva de fora, lesionado, e sem o Otamendi dificulta ainda mais&#8221;, disse Mourinho.<\/p>\n<p>&#8220;Com o sentido de orgulho ferido, confio que os jogadores consigam tirar o melhor de si pr\u00f3prios, como no jogo com que fizemos no Porto, na primeira volta do campeonato, um jogo s\u00e9rio, competitivo. Tenho essa esperan\u00e7a, mas quem fez um jogo como fizemos aqui na primeira parte, tamb\u00e9m me deixa um ponto de interroga\u00e7\u00e3o&#8221;, concluiu.<\/p>\n","protected":false},"excerpt":{"rendered":"Na rea\u00e7\u00e3o \u00e0 derrota do Benfica na meia-final da Ta\u00e7a da Liga com o Braga, Jos\u00e9 Mourinho foi&hellip;\n","protected":false},"author":2,"featured_media":220406,"comment_status":"","ping_status":"","sticky":false,"template":"","format":"standard","meta":{"footnotes":""},"categories":[87],"tags":[51,135,524,1385,32,33,134,5344],"class_list":{"0":"post-220405","1":"post","2":"type-post","3":"status-publish","4":"format-standard","5":"has-post-thumbnail","7":"category-desporto","8":"tag-benfica","9":"tag-desporto","10":"tag-futebol","11":"tag-jose-mourinho","12":"tag-portugal","13":"tag-pt","14":"tag-sports","15":"tag-taca-da-liga"},"share_on_mastodon":{"url":"https:\/\/pubeurope.com\/@pt\/115859258426031135","error":""},"_links":{"self":[{"href":"https:\/\/www.europesays.com\/pt\/wp-json\/wp\/v2\/posts\/220405","targetHints":{"allow":["GET"]}}],"collection":[{"href":"https:\/\/www.europesays.com\/pt\/wp-json\/wp\/v2\/posts"}],"about":[{"href":"https:\/\/www.europesays.com\/pt\/wp-json\/wp\/v2\/types\/post"}],"author":[{"embeddable":true,"href":"https:\/\/www.europesays.com\/pt\/wp-json\/wp\/v2\/users\/2"}],"replies":[{"embeddable":true,"href":"https:\/\/www.europesays.com\/pt\/wp-json\/wp\/v2\/comments?post=220405"}],"version-history":[{"count":0,"href":"https:\/\/www.europesays.com\/pt\/wp-json\/wp\/v2\/posts\/220405\/revisions"}],"wp:featuredmedia":[{"embeddable":true,"href":"https:\/\/www.europesays.com\/pt\/wp-json\/wp\/v2\/media\/220406"}],"wp:attachment":[{"href":"https:\/\/www.europesays.com\/pt\/wp-json\/wp\/v2\/media?parent=220405"}],"wp:term":[{"taxonomy":"category","embeddable":true,"href":"https:\/\/www.europesays.com\/pt\/wp-json\/wp\/v2\/categories?post=220405"},{"taxonomy":"post_tag","embeddable":true,"href":"https:\/\/www.europesays.com\/pt\/wp-json\/wp\/v2\/tags?post=220405"}],"curies":[{"name":"wp","href":"https:\/\/api.w.org\/{rel}","templated":true}]}}