{"id":220427,"date":"2026-01-08T11:51:07","date_gmt":"2026-01-08T11:51:07","guid":{"rendered":"https:\/\/www.europesays.com\/pt\/220427\/"},"modified":"2026-01-08T11:51:07","modified_gmt":"2026-01-08T11:51:07","slug":"foi-terrivel-venezuela-diz-que-ataque-dos-eua-causou-pelo-menos-100-mortos","status":"publish","type":"post","link":"https:\/\/www.europesays.com\/pt\/220427\/","title":{"rendered":"&#8220;Foi terr\u00edvel&#8221;. Venezuela diz que ataque dos EUA causou pelo menos 100 mortos"},"content":{"rendered":"<p>Pelo menos 100 pessoas morreram na sequ\u00eancia do ataque dos Estados Unidos \u00e0 Venezuela, que levou \u00e0 captura do presidente do pa\u00eds, Nicol\u00e1s Maduro, anunciou o ministro do Interior venezuelano, Diosdado Cabello.<\/p>\n<p>&#8220;At\u00e9 agora, at\u00e9 agora, e repito, at\u00e9 agora, h\u00e1 100 mortos, 100, e um n\u00famero semelhante de feridos. <strong>O ataque contra o nosso pa\u00eds foi terr\u00edvel&#8221;,<\/strong> afirmou Cabello na quarta-feira, durante um programa semanal na televis\u00e3o p\u00fablica.<\/p>\n<p>&#8220;Cilia [Flores, mulher de Maduro] foi ferida na cabe\u00e7a e golpeada no corpo. O &#8216;irm\u00e3o&#8217; Nicol\u00e1s foi ferido numa perna. Felizmente, eles est\u00e3o a recuperar dos ferimentos&#8217;, acrescentou Cabello.<\/p>\n<p>As for\u00e7as armadas venezuelanas divulgaram na quarta-feira v\u00e1rios v\u00eddeos do funeral dos militares mortos, mostrando dezenas de familiares em l\u00e1grimas, caix\u00f5es cobertos com bandeiras venezuelanas e discursos a elogiar &#8220;a coragem, a bravura, a honra e a lealdade&#8221; dos militares mortos.<\/p>\n<p>Embora n\u00e3o houvesse um balan\u00e7o oficial, a AFP noticiou a morte de pelo menos um civil, um miliciano, 23 militares venezuelanos e 32 cubanos.<\/p>\n<p>No domingo, <strong>Havana j\u00e1 tinha indicado que 32 militares cubanos, destacados na Venezuela, morreram em &#8220;a\u00e7\u00f5es de combate&#8221; durante o ataque norte-americano.<\/strong><\/p>\n<p>O presidente cubano, Miguel D\u00edaz-Canel, explicou nas redes sociais que os militares &#8220;cumpriam miss\u00f5es&#8221; em Caracas a &#8220;pedido de \u00f3rg\u00e3os hom\u00f3logos desse pa\u00eds&#8221;, sem mais detalhes.<\/p>\n<p>Fontes venezuelanas, citadas pelo The New York Times, tinham revelado, por sua vez, que morreram 80 pessoas na opera\u00e7\u00e3o na Venezuela.<\/p>\n","protected":false},"excerpt":{"rendered":"Pelo menos 100 pessoas morreram na sequ\u00eancia do ataque dos Estados Unidos \u00e0 Venezuela, que levou \u00e0 captura&hellip;\n","protected":false},"author":2,"featured_media":220428,"comment_status":"","ping_status":"","sticky":false,"template":"","format":"standard","meta":{"footnotes":""},"categories":[50],"tags":[79,27,28,413,15,16,14,25,26,21,22,62,12,13,19,20,23,24,17,18,29,30,31,3023,63,64,65],"class_list":{"0":"post-220427","1":"post","2":"type-post","3":"status-publish","4":"format-standard","5":"has-post-thumbnail","7":"category-mundo","8":"tag-ataque","9":"tag-breaking-news","10":"tag-breakingnews","11":"tag-eua","12":"tag-featured-news","13":"tag-featurednews","14":"tag-headlines","15":"tag-latest-news","16":"tag-latestnews","17":"tag-main-news","18":"tag-mainnews","19":"tag-mundo","20":"tag-news","21":"tag-noticias","22":"tag-noticias-principais","23":"tag-noticiasprincipais","24":"tag-principais-noticias","25":"tag-principaisnoticias","26":"tag-top-stories","27":"tag-topstories","28":"tag-ultimas","29":"tag-ultimas-noticias","30":"tag-ultimasnoticias","31":"tag-venezuela","32":"tag-world","33":"tag-world-news","34":"tag-worldnews"},"share_on_mastodon":{"url":"https:\/\/pubeurope.com\/@pt\/115859337206594222","error":""},"_links":{"self":[{"href":"https:\/\/www.europesays.com\/pt\/wp-json\/wp\/v2\/posts\/220427","targetHints":{"allow":["GET"]}}],"collection":[{"href":"https:\/\/www.europesays.com\/pt\/wp-json\/wp\/v2\/posts"}],"about":[{"href":"https:\/\/www.europesays.com\/pt\/wp-json\/wp\/v2\/types\/post"}],"author":[{"embeddable":true,"href":"https:\/\/www.europesays.com\/pt\/wp-json\/wp\/v2\/users\/2"}],"replies":[{"embeddable":true,"href":"https:\/\/www.europesays.com\/pt\/wp-json\/wp\/v2\/comments?post=220427"}],"version-history":[{"count":0,"href":"https:\/\/www.europesays.com\/pt\/wp-json\/wp\/v2\/posts\/220427\/revisions"}],"wp:featuredmedia":[{"embeddable":true,"href":"https:\/\/www.europesays.com\/pt\/wp-json\/wp\/v2\/media\/220428"}],"wp:attachment":[{"href":"https:\/\/www.europesays.com\/pt\/wp-json\/wp\/v2\/media?parent=220427"}],"wp:term":[{"taxonomy":"category","embeddable":true,"href":"https:\/\/www.europesays.com\/pt\/wp-json\/wp\/v2\/categories?post=220427"},{"taxonomy":"post_tag","embeddable":true,"href":"https:\/\/www.europesays.com\/pt\/wp-json\/wp\/v2\/tags?post=220427"}],"curies":[{"name":"wp","href":"https:\/\/api.w.org\/{rel}","templated":true}]}}