{"id":220450,"date":"2026-01-08T12:07:18","date_gmt":"2026-01-08T12:07:18","guid":{"rendered":"https:\/\/www.europesays.com\/pt\/220450\/"},"modified":"2026-01-08T12:07:18","modified_gmt":"2026-01-08T12:07:18","slug":"so-o-tempo-dira-a-duracao-da-tutela-politica-dos-eua-na-venezuela-diz-trump-donald-trump","status":"publish","type":"post","link":"https:\/\/www.europesays.com\/pt\/220450\/","title":{"rendered":"\u201cS\u00f3 o tempo dir\u00e1\u201d a dura\u00e7\u00e3o da tutela pol\u00edtica dos EUA na Venezuela, diz Trump | Donald Trump"},"content":{"rendered":"<p>Tr\u00eas meses? Seis? Um ano? \u201cDiria que muito mais. S\u00f3 o tempo dir\u00e1.\u201d Foi assim que Donald Trump respondeu, em entrevista ao <a href=\"https:\/\/www.nytimes.com\/2026\/01\/08\/us\/politics\/trump-interview-venezuela.html\" target=\"_blank\" rel=\"nofollow noopener\">The New York Times<\/a> (NYT), sobre a influ\u00eancia e presen\u00e7a dos Estados Unidos na Venezuela, instaurada no passado s\u00e1bado, depois de um ataque a Caracas e da captura de Nicol\u00e1s Maduro. Apesar disso e das hostilidades p\u00fablicas, assumiu que a rela\u00e7\u00e3o com a Presidente interina Delcy Rodr\u00edguez, vice de Maduro, est\u00e1 a correr bem. \u201cEst\u00e3o a dar-nos tudo o que consideramos necess\u00e1rio\u201d, contou.<\/p>\n<p>Sobre o petr\u00f3leo, o Presidente republicano assumiu querer \u201cutiliz\u00e1-lo, extra\u00ed-lo\u201d para baixar os pre\u00e7os. \u201cE vamos dar dinheiro \u00e0 Venezuela, eles precisam desesperadamente\u201d, disse, antes de relembrar que \u201celes nos roubaram o petr\u00f3leo\u201d, referindo-se ao in\u00edcio da nacionaliza\u00e7\u00e3o da ind\u00fastria petrol\u00edfera da Venezuela em 1976. Como objectivo para o pa\u00eds sul-americano, resumiu: \u201creconstruir de forma muito lucrativa\u201d.<\/p>\n<p>O 47.\u00ba Presidente dos EUA voltou a referir os <a href=\"https:\/\/www.publico.pt\/2026\/01\/07\/mundo\/noticia\/venezuela-entrega-30-50-milhoes-barris-petroleo-sancionado-eua-2160325\" target=\"_blank\" rel=\"nofollow noopener\">30 a 50 milh\u00f5es de barris<\/a> de \u201cpetr\u00f3leo sancionado\u201d venezuelano que pretende receber e o in\u00edcio das negocia\u00e7\u00f5es com executivos do sector petrol\u00edfero, que t\u00eam demonstrado reservas no optimismo do projecto.<\/p>\n<p>\u201cN\u00e3o gostaria de falar\u201d sobre o que o levaria a enviar for\u00e7as militares norte-americanas para a Venezuela, nem quando confrontado com cen\u00e1rios hipot\u00e9ticos, como a recusa venezuelana de expulsar pessoal russo e chin\u00eas ou um bloqueio ao acesso ao petr\u00f3leo. No entanto, enaltece que o Governo interino est\u00e1 a tratar os EUA \u201cmuito bem\u201d.<\/p>\n<p>Os norte-americanos reconheceram a legitimidade de Delcy Rodr\u00edguez, ac\u00e9rrima apoiante de Ch\u00e1vez e Maduro, como Presidente interina. Sobre a escolha surpreendente, em detrimento da opositora e vencedora do Nobel da Paz Mar\u00eda Corina Machado, foi evasivo. Mas garantiu que \u201cMarco [Rubio, secret\u00e1rio de Estado dos EUA] fala com ela a toda a hora. Estamos em contacto constante com ela e com a administra\u00e7\u00e3o\u201d. Tamb\u00e9m se absteve de comentar o facto de n\u00e3o ter escolhido Edmundo Gonz\u00e1lez Urrutia, cuja vit\u00f3ria eleitoral, em 2024, foi reconhecida pelos EUA.<\/p>\n<p>Sobre o ataque de s\u00e1bado, demonstra orgulho, at\u00e9 porque assume t\u00ea-lo acompanhado dos treinos das for\u00e7as \u201cat\u00e9 \u00e0 cria\u00e7\u00e3o de uma r\u00e9plica em tamanho real do complexo armado\u201d.<\/p>\n<p>\u201cN\u00e3o houve um Jimmy Carter a despenhar helic\u00f3pteros por todo o lado [em refer\u00eancia a uma miss\u00e3o de resgate de soldados norte-americanos em Abril de 1980], nem um desastre do Afeganist\u00e3o como o de Biden\u201d, disse sobre a opera\u00e7\u00e3o que, segundo os dados venezuelanos, matou pelo menos 100 pessoas.<\/p>\n<p>Durante a entrevista, que durou cerca de duas horas, Trump ter\u00e1 atendido uma chamada de Gustavo Preto, Presidente da Col\u00f4mbia, que lhe ligou \u201cpara explicar a situa\u00e7\u00e3o de drogas\u201d no pa\u00eds, em particular em zonas rurais, cita o jornal. Com a chamada, que permitiu que os jornalistas ouvissem em off, ficou satisfeito, porque acredita que foi a captura de Maduro que intimidou os l\u00edderes das regi\u00f5es vizinhas \u201ca alinharem-se\u201d.<\/p>\n<p>Apesar de o tema dominante ter sido a Venezuela, o l\u00edder republicano respondeu ainda a perguntas relacionadas com a guerra na Ucr\u00e2nia, a Gronel\u00e2ndia, a <a href=\"https:\/\/www.publico.pt\/2026\/01\/07\/mundo\/noticia\/ice-mata-mulher-desarmada-tiro-minneapolis-casa-branca-acusaa-terrorismo-2160446\" target=\"_blank\" rel=\"nofollow noopener\">morte de uma mulher \u00e0s m\u00e3os do ICE<\/a> em Mine\u00e1polis e eventuais remodela\u00e7\u00f5es na Casa. \u00c9 expect\u00e1vel que a transcri\u00e7\u00e3o da totalidade da entrevista seja publicada pelo jornal norte-americano ainda esta quinta-feira.<\/p>\n","protected":false},"excerpt":{"rendered":"Tr\u00eas meses? Seis? Um ano? \u201cDiria que muito mais. S\u00f3 o tempo dir\u00e1.\u201d Foi assim que Donald Trump&hellip;\n","protected":false},"author":2,"featured_media":220451,"comment_status":"","ping_status":"","sticky":false,"template":"","format":"standard","meta":{"footnotes":""},"categories":[8],"tags":[1126,27,28,92,235,15,16,14,25,26,21,22,62,12,3025,13,19,20,6153,32,23,24,33,17,18,29,30,31,3023],"class_list":{"0":"post-220450","1":"post","2":"type-post","3":"status-publish","4":"format-standard","5":"has-post-thumbnail","7":"category-principais-noticias","8":"tag-america-do-sul","9":"tag-breaking-news","10":"tag-breakingnews","11":"tag-donald-trump","12":"tag-estados-unidos","13":"tag-featured-news","14":"tag-featurednews","15":"tag-headlines","16":"tag-latest-news","17":"tag-latestnews","18":"tag-main-news","19":"tag-mainnews","20":"tag-mundo","21":"tag-news","22":"tag-nicolas-maduro","23":"tag-noticias","24":"tag-noticias-principais","25":"tag-noticiasprincipais","26":"tag-petroleo","27":"tag-portugal","28":"tag-principais-noticias","29":"tag-principaisnoticias","30":"tag-pt","31":"tag-top-stories","32":"tag-topstories","33":"tag-ultimas","34":"tag-ultimas-noticias","35":"tag-ultimasnoticias","36":"tag-venezuela"},"share_on_mastodon":{"url":"https:\/\/pubeurope.com\/@pt\/115859399955353984","error":""},"_links":{"self":[{"href":"https:\/\/www.europesays.com\/pt\/wp-json\/wp\/v2\/posts\/220450","targetHints":{"allow":["GET"]}}],"collection":[{"href":"https:\/\/www.europesays.com\/pt\/wp-json\/wp\/v2\/posts"}],"about":[{"href":"https:\/\/www.europesays.com\/pt\/wp-json\/wp\/v2\/types\/post"}],"author":[{"embeddable":true,"href":"https:\/\/www.europesays.com\/pt\/wp-json\/wp\/v2\/users\/2"}],"replies":[{"embeddable":true,"href":"https:\/\/www.europesays.com\/pt\/wp-json\/wp\/v2\/comments?post=220450"}],"version-history":[{"count":0,"href":"https:\/\/www.europesays.com\/pt\/wp-json\/wp\/v2\/posts\/220450\/revisions"}],"wp:featuredmedia":[{"embeddable":true,"href":"https:\/\/www.europesays.com\/pt\/wp-json\/wp\/v2\/media\/220451"}],"wp:attachment":[{"href":"https:\/\/www.europesays.com\/pt\/wp-json\/wp\/v2\/media?parent=220450"}],"wp:term":[{"taxonomy":"category","embeddable":true,"href":"https:\/\/www.europesays.com\/pt\/wp-json\/wp\/v2\/categories?post=220450"},{"taxonomy":"post_tag","embeddable":true,"href":"https:\/\/www.europesays.com\/pt\/wp-json\/wp\/v2\/tags?post=220450"}],"curies":[{"name":"wp","href":"https:\/\/api.w.org\/{rel}","templated":true}]}}