{"id":220470,"date":"2026-01-08T12:19:15","date_gmt":"2026-01-08T12:19:15","guid":{"rendered":"https:\/\/www.europesays.com\/pt\/220470\/"},"modified":"2026-01-08T12:19:15","modified_gmt":"2026-01-08T12:19:15","slug":"lugares-para-nao-visitar-em-2026","status":"publish","type":"post","link":"https:\/\/www.europesays.com\/pt\/220470\/","title":{"rendered":"Lugares para n\u00e3o visitar em 2026"},"content":{"rendered":"<p class=\"MsoNormal\">O turismo global continua em crescimento. Dados da ONU indicam que de janeiro a setembro de 2025 mais de 1,1 mil milh\u00f5es de turistas realizaram viagens internacionais, o que representa um crescimento de 5% em rela\u00e7\u00e3o ao per\u00edodo hom\u00f3logo. Tudo indica que, em 2026, o turismo ser\u00e1 um setor em crescimento \u2013 esperando que n\u00e3o haja um acontecimento mundial, com o impacto de uma pandemia ou guerra, que volte a p\u00f4r as viagens em suspenso.<\/p>\n<p class=\"MsoNormal\">Contudo, por conta deste aumento, <strong>h\u00e1 destinos que est\u00e3o sobrecarregados<\/strong>. O <a href=\"https:\/\/sapo.pt\/artigo\/locais-que-estao-a-limitar-a-visita-de-turistas-e610-689c99235f5d4e0fd1007453\" target=\"_blank\" rel=\"noopener nofollow\">excesso de turismo n\u00e3o \u00e9 uma novidade<\/a>, existindo j\u00e1 muitos destinos que implementaram medidas para controlar e reduzir o acesso de visitantes, como Veneza, Barcelona ou Amesterd\u00e3o.<\/p>\n<p class=\"MsoNormal\">Por outro lado, o excesso de turistas pode prejudicar ecossistemas que j\u00e1 se encontram fragilizados pelas altera\u00e7\u00f5es clim\u00e1ticas. E, por fim, existem destinos que se tornaram \u201cvirais\u201d nos \u00faltimos anos, mas que podem representar alguns riscos no que toca \u00e0 seguran\u00e7a do viajante.<\/p>\n<p class=\"MsoNormal\">Viajar \u00e9, sem d\u00favida, uma forma de exercer a liberdade e de quebrar preconceitos num mundo cada vez mais polarizado. Esta lista n\u00e3o tem a inten\u00e7\u00e3o de proibir destinos, apenas alertar para lugares que est\u00e3o a sofrer com o excesso de visitantes ou que podem n\u00e3o ser as melhores op\u00e7\u00f5es para uma pr\u00f3xima viagem. Cabe aos viajantes fazerem escolhas sustent\u00e1veis e conscientes, afinal,\u00a0<strong>para cada destino massificado, existem muitos ainda pouco conhecidos<\/strong>.<\/p>\n<p><strong>Bali, Indon\u00e9sia<\/strong><\/p>\n<p>\t\t<img decoding=\"async\" src=\"https:\/\/www.europesays.com\/pt\/wp-content\/uploads\/2026\/01\/1767874749_218_thumbs.web.sapo.io.webp\"  alt=\"Turista num templo em Ubud, Bali\" loading=\"true\"\/><\/p>\n<p>      Turista num templo em Ubud, Bali<br \/>\n      Cr\u00e9ditos: AFP<\/p>\n<p class=\"MsoNormal\">\u00c9 um dos destinos mais em alta nos \u00faltimos anos e conseguimos perceber o hype. Bali re\u00fane v\u00e1rios ingredientes para uma viagem de sonho: da espiritualidade \u00e0s praias, passando pelos arrozais, surf, cascatas e templos. A \u201cilha dos Deuses\u201d \u00e9, sem d\u00favida, um destino incr\u00edvel, mas\u00a0<strong>o aumento galopante do turismo est\u00e1 a deixar marcas graves em Bali<\/strong>.<\/p>\n<p class=\"MsoNormal\">Do tr\u00e2nsito infernal ao excesso de lixo, passando pela constru\u00e7\u00e3o desenfreada e pelas filas intermin\u00e1veis para atra\u00e7\u00f5es, Bali tornou-se v\u00edtima do pr\u00f3prio sucesso, <a href=\"https:\/\/www.bbc.com\/portuguese\/articles\/cr7meknrynko\" target=\"_blank\" rel=\"noopener nofollow\">escreve a BBC neste artigo<\/a>. Se foi atrav\u00e9s das redes sociais que o destino conseguiu a fama mais recente, \u00e9 tamb\u00e9m a\u00ed que podemos encontrar muitos v\u00eddeos ao estilo \u201cexpetativa vs. realidade\u201d que mostram o lado nada &#8220;instagram\u00e1vel&#8221; do excesso de turismo.<\/p>\n<p class=\"MsoNormal\">Claro que \u00e9 um lugar que valer\u00e1 sempre a pena conhecer, por\u00e9m, h\u00e1 muitas ilhas na Indon\u00e9sia menos visitadas e que s\u00e3o verdadeiros para\u00edsos na terra. Se este \u00e9 um dos seus destinos para 2026, pode pesquisar tamb\u00e9m por Raja Ampat, Lombok ou Wakatobi.<\/p>\n<p>\t\t<img decoding=\"async\" src=\"https:\/\/www.europesays.com\/pt\/wp-content\/uploads\/2026\/01\/1767874750_263_thumbs.web.sapo.io.webp\"  alt=\"P\u00f4r-do-sol em Bali\" loading=\"true\"\/><\/p>\n<p>      P\u00f4r-do-sol em Bali<br \/>\n      Cr\u00e9ditos: Mauro-Fabio Cilurzo em Unsplash<\/p>\n<p><strong>Maiorca, Espanha<\/strong><\/p>\n<p class=\"MsoNormal\">Mais uma ilha de sonho, esta j\u00e1 bem perto de n\u00f3s, mas cujo excesso de turismo tem provocado a implementa\u00e7\u00e3o de medidas e <strong>manifesta\u00e7\u00f5es contra os turistas<\/strong>. &#8220;Voltem para casa&#8221;, &#8220;A cidade n\u00e3o est\u00e1 \u00e0 venda&#8221;, &#8220;Aqui vivem pessoas, n\u00e3o posts de Instagram&#8221; foram algumas das frases de ordem num protesto na capital Palma em junho do ano passado. A escalada no pre\u00e7o da habita\u00e7\u00e3o \u00e9 uma das principais queixas dos locais.<\/p>\n<p class=\"MsoNormal\">Em outubro, a autarquia de Palma proibiu novos alugueres tur\u00edsticos na \u00e1rea municipal. A cidade tamb\u00e9m baniu os barcos de festa. H\u00e1 uma estrat\u00e9gia em curso para promover um turismo de qualidade e sustent\u00e1vel, mas com n\u00fameros t\u00e3o elevados \u2013 que devem chegar aos <strong>20 milh\u00f5es de visitantes em 2025<\/strong> \u2013 fica dif\u00edcil pensar em turismo sustent\u00e1vel.<\/p>\n<p>\t\t<img decoding=\"async\" src=\"https:\/\/www.europesays.com\/pt\/wp-content\/uploads\/2026\/01\/1767874751_367_thumbs.web.sapo.io.webp\"  alt=\"Cartaz de protesto contra excesso de turismo em Maiorca\" loading=\"true\"\/><\/p>\n<p>      Cartaz de protesto contra excesso de turismo em Maiorca<br \/>\n      Cr\u00e9ditos: AFP<\/p>\n<p class=\"MsoNormal\">Se tem este destino na sua lista para 2025, a melhor op\u00e7\u00e3o \u00e9 n\u00e3o ir durante a \u00e9poca alta e procurar ficar alojado noutras partes da ilha que n\u00e3o Palma. Menorca e Ibiza, outras ilhas do arquip\u00e9lago das Baleares, tamb\u00e9m enfrentam problemas decorrentes do excesso de visitantes. Talvez a melhor estrat\u00e9gia seja procurar outra ilha do Mediterr\u00e2neo para as f\u00e9rias.<\/p>\n<p class=\"MsoNormal\">Espanha, o segundo pa\u00eds mais visitado do mundo a seguir a Fran\u00e7a, est\u00e1 a sentir os efeitos do turismo massificado noutros destinos, como as Ilhas Can\u00e1rias e Barcelona.<\/p>\n<p><strong>Ant\u00e1rtida<\/strong><\/p>\n<p>\t\t<img decoding=\"async\" src=\"https:\/\/www.europesays.com\/pt\/wp-content\/uploads\/2026\/01\/1767874751_96_thumbs.web.sapo.io.webp\"  alt=\"Ant\u00e1rtida, o \u00faltimo reduto intocado do planeta, recebe cada vez mais visitantes\" loading=\"true\"\/><\/p>\n<p>      Ant\u00e1rtida, o \u00faltimo reduto intocado do planeta, recebe cada vez mais visitantes<br \/>\n      Cr\u00e9ditos: Freysteinn G. Jonsson em Unsplash<\/p>\n<p class=\"MsoNormal\">De acordo com o site de viagens Fodor\u2019s, a Ant\u00e1rtida \u00e9 um destino que n\u00e3o deveria estar na bucket list de nenhum viajante. O continente gelado tem assistido a um aumento exponencial de visitantes. Na temporada de 2023 e 2024, foram cerca de 124 mil, sendo que nos anos de 1990 o n\u00famero n\u00e3o ultrapassava os 8 mil visitantes por temporada.<\/p>\n<p class=\"MsoNormal\">Muitos turistas pagam um pre\u00e7o elevado por expedi\u00e7\u00f5es ao destino considerado o \u00faltimo reduto inexplorado e selvagem do planeta. Por\u00e9m, o <strong>aumento da presen\u00e7a humana no continente austral est\u00e1 a provocar danos<\/strong>. Um estudo publicado na revista Nature Sustainability refere que o aumento do turismo e a expans\u00e3o das bases de investiga\u00e7\u00e3o est\u00e3o a poluir o territ\u00f3rio, contribuindo para acelerar o degelo da neve e amea\u00e7ando ecossistemas fr\u00e1geis j\u00e1 prejudicados pelas altera\u00e7\u00f5es clim\u00e1ticas.<\/p>\n<p>\t\t<img decoding=\"async\" src=\"https:\/\/www.europesays.com\/pt\/wp-content\/uploads\/2026\/01\/1767874752_934_thumbs.web.sapo.io.webp\"  alt=\"Ant\u00e1rtida\" loading=\"true\"\/><\/p>\n<p>      Ant\u00e1rtida<br \/>\n      Cr\u00e9ditos: Derek Oyen em Unsplash<\/p>\n<p class=\"MsoNormal\">&#8220;A crescente presen\u00e7a humana na Ant\u00e1rtida suscita preocupa\u00e7\u00f5es sobre os poluentes da combust\u00e3o de combust\u00edveis f\u00f3sseis, incluindo os provenientes de navios, avi\u00f5es, ve\u00edculos e infraestruturas de apoio&#8221;, escreveram os autores do estudo, citados\u00a0<a href=\"https:\/\/pt.euronews.com\/green\/2025\/08\/24\/aumento-do-numero-de-visitantes-esta-a-deixar-pegada-humana-nociva-nos-ecossistemas-da-ant\" target=\"_blank\" rel=\"noopener nofollow\">neste artigo<\/a>.<\/p>\n<p class=\"MsoNormal\">A Ant\u00e1rtida n\u00e3o \u00e9 um destino que aparece nas listas dos mais populares, at\u00e9 pelos custos e desloca\u00e7\u00f5es que implicam as viagens. Mas ser\u00e1, certamente, um lugar que pagar\u00e1 um pre\u00e7o alto, se o excesso de visitantes n\u00e3o for regulamentado em breve<\/p>\n<p><strong>Socotra, I\u00e9men<\/strong><\/p>\n<p class=\"MsoNormal\">Uma ilha com paisagens extraordin\u00e1rias e praias pristinas. Assim \u00e9 Socotra, o <a href=\"https:\/\/sapo.pt\/artigo\/arquipelago-de-socotra-um-paraiso-perdido-que-quer-atrair-mais-turistas-69e4-689ca9324e03edf364038954\" target=\"_blank\" rel=\"noopener nofollow\">arquip\u00e9lago iemenita<\/a> parece um para\u00edso surreal afastado de tudo. Mas, e apesar de ter sido <strong>um destino viral nas redes sociais durante o ano passado<\/strong>, n\u00e3o podemos esquecer que Socotra pertence a uma regi\u00e3o envolvida em muitos conflitos.<\/p>\n<p>\t\t<img decoding=\"async\" src=\"https:\/\/www.europesays.com\/pt\/wp-content\/uploads\/2026\/01\/1767874752_47_thumbs.web.sapo.io.webp\"  alt=\"Arquip\u00e9lago de Socotra: um para\u00edso perdido\" loading=\"true\"\/><\/p>\n<p>      Arquip\u00e9lago de Socotra: um para\u00edso perdido<br \/>\n      Cr\u00e9ditos: AFP<\/p>\n<p class=\"MsoNormal\">Esta semana, a ilha entrou nas manchetes atrav\u00e9s da not\u00edcia de que 600 turistas ficaram retidos depois de as liga\u00e7\u00f5es a\u00e9reas terem sido canceladas por causa da retirada das tropas dos Emirados \u00c1rabes Unidos do territ\u00f3rio do I\u00e9men.<\/p>\n<p class=\"MsoNormal\">O pa\u00eds enfrenta uma guerra civil desde 2014, quando os rebeldes xiitas houthis, apoiados pelo Ir\u00e3o, tomaram a capital Sana. A Ar\u00e1bia Saudita, por seu lado, declarou apoio ao governo iemenita contra os houthis.<\/p>\n<p class=\"MsoNormal\">Mesmo que voar para uma ilha paradis\u00edaca e isolada possa parecer tentador, \u00e9 sempre bom informar-se sobre o estado do conflito na regi\u00e3o e ponderar se vale mesmo pena realizar esta viagem durante 2026.<\/p>\n<p>\t\t<img decoding=\"async\" src=\"https:\/\/www.europesays.com\/pt\/wp-content\/uploads\/2026\/01\/1767874753_235_thumbs.web.sapo.io.webp\"  alt=\"Arquip\u00e9lago de Socotra: um para\u00edso perdido\" loading=\"true\"\/><\/p>\n<p>      Arquip\u00e9lago de Socotra: um para\u00edso perdido<br \/>\n      Cr\u00e9ditos: AFP<\/p>\n<p><strong>Fronteira Tail\u00e2ndia-Camboja<\/strong><\/p>\n<p class=\"MsoNormal\">O mesmo dever\u00e1 fazer se tem nos seus planos viajar at\u00e9 estes dois pa\u00edses do Sudeste Asi\u00e1tico, cujo conflito fronteiri\u00e7o recome\u00e7ou no ano passado e provocou dezenas de mortos e mais de 500 mil deslocados em dezembro, com uma nova escalada, ap\u00f3s um cessar-fogo em julho. A situa\u00e7\u00e3o entre os dois pa\u00edses continua tensa, apesar de terem assinado um novo cessar-fogo no final de 2025.<\/p>\n<p>\t\t<img decoding=\"async\" src=\"https:\/\/www.europesays.com\/pt\/wp-content\/uploads\/2026\/01\/1767874753_468_thumbs.web.sapo.io.webp\"  alt=\"Cerim\u00f3nia budista pelas v\u00edtimas do conflito Camboja-Tail\u00e2ndia e a favor da paz no Memorial Win-Win, em Phnom Penh\" loading=\"true\"\/><\/p>\n<p>      Cerim\u00f3nia budista pelas v\u00edtimas do conflito Camboja-Tail\u00e2ndia e a favor da paz no Memorial Win-Win, em Phnom Penh<br \/>\n      Cr\u00e9ditos: AFP<\/p>\n<p class=\"MsoNormal\">Se Camboja e\/ou Tail\u00e2ndia fazem parte dos seus planos de viagens para este ano, \u00e9 importante tra\u00e7ar o roteiro levando em considera\u00e7\u00e3o esta situa\u00e7\u00e3o. <strong>Os dois pa\u00edses continuam a receber turistas<\/strong> e algumas das principais atra\u00e7\u00f5es, como Banguecoque, Phuket, Chiang Mai, Siem Reap e Phnom Penh, est\u00e3o afastadas dos lugares onde t\u00eam decorrido conflitos. Por outro lado, v\u00e1rios templos na fronteira encontram-se encerrados.<\/p>\n<p class=\"MsoNormal\"><strong>Veja tamb\u00e9m: <\/strong><a href=\"https:\/\/sapo.pt\/artigo\/perguntamos-a-inteligencia-artificial-quais-serao-os-melhores-destinos-de-2026-ha-surpresas-nas-26-escolhas-6952d0ff4ab6fc0a2e60cbe8\" target=\"_blank\" rel=\"noopener nofollow\"><strong>26 destinos que v\u00e3o marcar o ano de 2026<\/strong><\/a><\/p>\n<p><strong>Veneza, It\u00e1lia<\/strong><\/p>\n<p class=\"MsoNormal\">O destino tem lutado contra o n\u00famero de cerca de <strong>30 milh\u00f5es de visitantes que, anualmente, visitam a cidade italiana<\/strong>, contribuindo para a sua degrada\u00e7\u00e3o e perda de identidade. Atualmente, o centro de Veneza tem apenas 50 mil habitantes, em cerca de 70 anos, a cidade perdeu 125 mil habitantes. Os canais, a hist\u00f3ria e o romantismo, bem como a arquitetura e a gastronomia fazem de Veneza um destino de elei\u00e7\u00e3o, mas ser\u00e1 que vale a pena p\u00f4-lo na bucket list deste ano?<\/p>\n<p class=\"MsoNormal\">Taxas, limite para grupos de visitantes, torniquetes para controlar o acesso e proibi\u00e7\u00e3o de navios de cruzeiro no centro da cidade s\u00e3o algumas das medidas j\u00e1 adotadas por Veneza para tentar limitar o n\u00famero de turistas.<\/p>\n<p>\t\t<img decoding=\"async\" src=\"https:\/\/www.europesays.com\/pt\/wp-content\/uploads\/2026\/01\/1767874753_730_thumbs.web.sapo.io.webp\"  alt=\"Visitantes em esplanadas na pra\u00e7a de S\u00e3o Marcos durante a \" loading=\"true\"\/><\/p>\n<p>      Visitantes em esplanadas na pra\u00e7a de S\u00e3o Marcos durante a &#8220;acqua alta&#8221;<br \/>\n      Cr\u00e9ditos: AFP<\/p>\n<p class=\"MsoNormal\">O destino tamb\u00e9m est\u00e1 amea\u00e7ado pelas altera\u00e7\u00f5es clim\u00e1ticas. <strong>A subida do n\u00edvel do mar p\u00f5e em causa a pr\u00f3pria exist\u00eancia de Veneza<\/strong> que sofre inunda\u00e7\u00f5es mais frequentes e que atingem mais partes da cidade. No \u00faltimo s\u00e9culo, Veneza afundou 25 cent\u00edmetros e, desde 1900, o n\u00edvel m\u00e9dio do mar na regi\u00e3o subiu quase 30 cent\u00edmetros.<\/p>\n<p class=\"MsoNormal\">Enquanto a cidade luta para n\u00e3o desaparecer do mapa, com <a href=\"https:\/\/cnnportugal.iol.pt\/veneza-submersa\/veneza-a-afundar\/veneza-esta-a-afundar-se-mas-ha-um-plano-radical-para-erguer-toda-a-cidade\/20250525\/68271e3cd34ef72ee4460b6b\" target=\"_blank\" rel=\"noopener nofollow\">v\u00e1rios projetos de engenharia em curso<\/a>, os visitantes continuam a chegar. Ser\u00e1 que muitos v\u00eam com a ideia de que este \u00e9 um destino para visitar antes que seja tarde demais?<\/p>\n<p>\t\t<img decoding=\"async\" src=\"https:\/\/www.europesays.com\/pt\/wp-content\/uploads\/2026\/01\/1767874754_782_thumbs.web.sapo.io.webp\"  alt=\"Carnaval de Veneza e a sua magia especial\" loading=\"true\"\/><\/p>\n<p>      Carnaval de Veneza e a sua magia especial<br \/>\n      Cr\u00e9ditos: AFP<\/p>\n<p><strong>Quioto, Jap\u00e3o<\/strong><\/p>\n<p class=\"MsoNormal\">A antiga capital imperial do Jap\u00e3o tem sido das que mais sofre o crescimento do turismo no pa\u00eds, com as multid\u00f5es a lotarem ruas e templos hist\u00f3ricos. Os residentes queixam-se da falta de respeito pelos costumes locais e de civismo (barulho, lixo, invas\u00e3o de propriedade privada e bloqueio \u00e0 circula\u00e7\u00e3o), bem como o facto de os turistas visitarem sempre os mesmos lugares, aqueles que aparecem na lista de obrigat\u00f3rios, como a Floresta de Bambu de Arashiyama.<\/p>\n<p>\t\t<img decoding=\"async\" src=\"https:\/\/www.europesays.com\/pt\/wp-content\/uploads\/2026\/01\/1767874754_172_thumbs.web.sapo.io.webp\"  alt=\"O excesso de turistas est\u00e1 a prejudicar Quioto\" loading=\"true\"\/><\/p>\n<p>      O excesso de turistas est\u00e1 a prejudicar Quioto<br \/>\n      Cr\u00e9ditos: AFP<\/p>\n<p class=\"MsoNormal\">Desde 2024, o <a href=\"https:\/\/sapo.pt\/artigo\/o-japao-esta-na-moda-e-estas-imagens-ilustram-bem-o-porque-8a6f-689cb9524e03edf3640b1067\" target=\"_blank\" rel=\"noopener nofollow\">Jap\u00e3o assistiu a um \u201cboom\u201d do turismo<\/a>. Entre janeiro e setembro de 2025, o pa\u00eds recebeu o n\u00famero recorde de 31,6 milh\u00f5es de visitantes internacionais. Mas a <strong>na\u00e7\u00e3o nip\u00f3nica j\u00e1 come\u00e7ou a p\u00f4r em curso estrat\u00e9gias para gerir melhor o fluxo de visitantes<\/strong>. Entre as medidas est\u00e3o o aumento das taxas de visto e de alojamento.<\/p>\n<p class=\"MsoNormal\">Ainda assim, se o Jap\u00e3o faz parte dos seus planos para 2026, existem muitas formas de contornar o excesso de turistas que se concentra apenas em algumas regi\u00f5es. <a href=\"https:\/\/www.japan-guide.com\/news\/overtourism.html\" target=\"_blank\" rel=\"noopener nofollow\">Este guia (em ingl\u00eas) deixa dicas<\/a> para evitar os lugares mais congestionados.<\/p>\n<p>\t\t<img decoding=\"async\" src=\"https:\/\/www.europesays.com\/pt\/wp-content\/uploads\/2026\/01\/1767874755_701_thumbs.web.sapo.io.webp\"  alt=\"Uma foto com vista para o Monte Fuji\" loading=\"true\"\/><\/p>\n<p>      Uma foto com vista para o Monte Fuji<br \/>\n      Cr\u00e9ditos: AFP<\/p>\n<p><strong>E Lisboa?<\/strong><\/p>\n<p class=\"MsoNormal\">A <strong>capital portuguesa tamb\u00e9m sente o peso do excesso de turistas<\/strong>. Ali\u00e1s, em 2025, Lisboa entrou na lista do Fodor\u2019s como um dos destinos a n\u00e3o visitar. Se por um lado, <a href=\"https:\/\/sapo.pt\/artigo\/turismo-em-portugal-30-anos-a-afirmar-se-como-um-dos-melhores-destinos-do-mundo-c82e-68a4a21b2765c02fac747b5d\" target=\"_blank\" rel=\"noopener nofollow\">h\u00e1 quem defenda que n\u00e3o existe excesso de turismo na cidade (e no pa\u00eds)<\/a>, s\u00f3 est\u00e1 \u00e9 mal distribu\u00eddo, por outro, os lisboetas sentem na pele o aumento exponencial do n\u00famero de visitantes. Portanto, e considerando que Portugal tem tantos outros <a href=\"https:\/\/sapo.pt\/artigo\/ferias-com-pouca-gente-por-perto-seis-destinos-remotos-para-conhecer-em-portugal-da46-69282f3f592b81ae93798753\" target=\"_blank\" rel=\"noopener nofollow\">destinos incr\u00edveis e ainda poucos visitados<\/a>, talvez seja melhor riscar Lisboa da sua lista de viagens para 2026.<\/p>\n","protected":false},"excerpt":{"rendered":"O turismo global continua em crescimento. Dados da ONU indicam que de janeiro a setembro de 2025 mais&hellip;\n","protected":false},"author":2,"featured_media":220471,"comment_status":"","ping_status":"","sticky":false,"template":"","format":"standard","meta":{"footnotes":""},"categories":[50],"tags":[27,28,15,16,14,25,26,21,22,62,12,13,19,20,23,24,17,18,29,30,31,63,64,65],"class_list":{"0":"post-220470","1":"post","2":"type-post","3":"status-publish","4":"format-standard","5":"has-post-thumbnail","7":"category-mundo","8":"tag-breaking-news","9":"tag-breakingnews","10":"tag-featured-news","11":"tag-featurednews","12":"tag-headlines","13":"tag-latest-news","14":"tag-latestnews","15":"tag-main-news","16":"tag-mainnews","17":"tag-mundo","18":"tag-news","19":"tag-noticias","20":"tag-noticias-principais","21":"tag-noticiasprincipais","22":"tag-principais-noticias","23":"tag-principaisnoticias","24":"tag-top-stories","25":"tag-topstories","26":"tag-ultimas","27":"tag-ultimas-noticias","28":"tag-ultimasnoticias","29":"tag-world","30":"tag-world-news","31":"tag-worldnews"},"share_on_mastodon":{"url":"https:\/\/pubeurope.com\/@pt\/115859447287389272","error":""},"_links":{"self":[{"href":"https:\/\/www.europesays.com\/pt\/wp-json\/wp\/v2\/posts\/220470","targetHints":{"allow":["GET"]}}],"collection":[{"href":"https:\/\/www.europesays.com\/pt\/wp-json\/wp\/v2\/posts"}],"about":[{"href":"https:\/\/www.europesays.com\/pt\/wp-json\/wp\/v2\/types\/post"}],"author":[{"embeddable":true,"href":"https:\/\/www.europesays.com\/pt\/wp-json\/wp\/v2\/users\/2"}],"replies":[{"embeddable":true,"href":"https:\/\/www.europesays.com\/pt\/wp-json\/wp\/v2\/comments?post=220470"}],"version-history":[{"count":0,"href":"https:\/\/www.europesays.com\/pt\/wp-json\/wp\/v2\/posts\/220470\/revisions"}],"wp:featuredmedia":[{"embeddable":true,"href":"https:\/\/www.europesays.com\/pt\/wp-json\/wp\/v2\/media\/220471"}],"wp:attachment":[{"href":"https:\/\/www.europesays.com\/pt\/wp-json\/wp\/v2\/media?parent=220470"}],"wp:term":[{"taxonomy":"category","embeddable":true,"href":"https:\/\/www.europesays.com\/pt\/wp-json\/wp\/v2\/categories?post=220470"},{"taxonomy":"post_tag","embeddable":true,"href":"https:\/\/www.europesays.com\/pt\/wp-json\/wp\/v2\/tags?post=220470"}],"curies":[{"name":"wp","href":"https:\/\/api.w.org\/{rel}","templated":true}]}}