{"id":220472,"date":"2026-01-08T12:20:19","date_gmt":"2026-01-08T12:20:19","guid":{"rendered":"https:\/\/www.europesays.com\/pt\/220472\/"},"modified":"2026-01-08T12:20:19","modified_gmt":"2026-01-08T12:20:19","slug":"abandono-animal-e-crime-o-comovente-gesto-do-arouca","status":"publish","type":"post","link":"https:\/\/www.europesays.com\/pt\/220472\/","title":{"rendered":"\u00abAbandono animal \u00e9 crime\u00bb: o comovente gesto do Arouca"},"content":{"rendered":"<p style=\"text-align: justify;\">O <a class=\"autolink-enabled\" data-resource-id=\"465\" data-resource-type=\"team\" data-sport=\"football\" href=\"https:\/\/www.abola.pt\/futebol\/arouca-465\" rel=\"nofollow noopener\" target=\"_blank\">Arouca<\/a> partilhou esta quarta-feira uma publica\u00e7\u00e3o nas redes sociais fora do \u00e2mbito desportivo, alertando para o problema do abandono animal em Portugal, depois de um c\u00e3o, em fracas condi\u00e7\u00f5es, ter sido deixado nas instala\u00e7\u00f5es do clube.<\/p>\n<p style=\"text-align: justify;\">\u00abFoi encontrado, no dia de ontem, no campo de treinos do clube, um c\u00e3o abandonado e em estado de hipotermia. O mesmo foi prontamente recolhido e acarinhado pela equipa, cuidado em veterin\u00e1rio e encontra-se sem chip\u00bb, l\u00ea-se no in\u00edcio da publica\u00e7\u00e3o.<\/p>\n<p style=\"text-align: justify;\">\u00abDesde 2014, o abandono animal \u00e9 crime em Portugal. Num momento atual de baixas temperaturas, a sa\u00fade animal requer uma aten\u00e7\u00e3o refor\u00e7ada e cuidada\u00bb, alertou o clube, antes de dar mais informa\u00e7\u00f5es sobre o quadro de sa\u00fade do patudo.<\/p>\n<p style=\"text-align: justify;\">\u00abDepois um estado inicial muito d\u00e9bil, vive agora num novo lar e com uma nova esperan\u00e7a, nesta luta contra o abandono animal, que \u00e9 de todos. Cuide. N\u00e3o abandone\u00bb, concluiu.<\/p>\n","protected":false},"excerpt":{"rendered":"O Arouca partilhou esta quarta-feira uma publica\u00e7\u00e3o nas redes sociais fora do \u00e2mbito desportivo, alertando para o problema&hellip;\n","protected":false},"author":2,"featured_media":220473,"comment_status":"","ping_status":"","sticky":false,"template":"","format":"standard","meta":{"footnotes":""},"categories":[10],"tags":[27,28,15,16,14,25,26,21,22,12,13,19,20,32,23,24,33,17,18,29,30,31],"class_list":{"0":"post-220472","1":"post","2":"type-post","3":"status-publish","4":"format-standard","5":"has-post-thumbnail","7":"category-portugal","8":"tag-breaking-news","9":"tag-breakingnews","10":"tag-featured-news","11":"tag-featurednews","12":"tag-headlines","13":"tag-latest-news","14":"tag-latestnews","15":"tag-main-news","16":"tag-mainnews","17":"tag-news","18":"tag-noticias","19":"tag-noticias-principais","20":"tag-noticiasprincipais","21":"tag-portugal","22":"tag-principais-noticias","23":"tag-principaisnoticias","24":"tag-pt","25":"tag-top-stories","26":"tag-topstories","27":"tag-ultimas","28":"tag-ultimas-noticias","29":"tag-ultimasnoticias"},"share_on_mastodon":{"url":"https:\/\/pubeurope.com\/@pt\/115859450971575020","error":""},"_links":{"self":[{"href":"https:\/\/www.europesays.com\/pt\/wp-json\/wp\/v2\/posts\/220472","targetHints":{"allow":["GET"]}}],"collection":[{"href":"https:\/\/www.europesays.com\/pt\/wp-json\/wp\/v2\/posts"}],"about":[{"href":"https:\/\/www.europesays.com\/pt\/wp-json\/wp\/v2\/types\/post"}],"author":[{"embeddable":true,"href":"https:\/\/www.europesays.com\/pt\/wp-json\/wp\/v2\/users\/2"}],"replies":[{"embeddable":true,"href":"https:\/\/www.europesays.com\/pt\/wp-json\/wp\/v2\/comments?post=220472"}],"version-history":[{"count":0,"href":"https:\/\/www.europesays.com\/pt\/wp-json\/wp\/v2\/posts\/220472\/revisions"}],"wp:featuredmedia":[{"embeddable":true,"href":"https:\/\/www.europesays.com\/pt\/wp-json\/wp\/v2\/media\/220473"}],"wp:attachment":[{"href":"https:\/\/www.europesays.com\/pt\/wp-json\/wp\/v2\/media?parent=220472"}],"wp:term":[{"taxonomy":"category","embeddable":true,"href":"https:\/\/www.europesays.com\/pt\/wp-json\/wp\/v2\/categories?post=220472"},{"taxonomy":"post_tag","embeddable":true,"href":"https:\/\/www.europesays.com\/pt\/wp-json\/wp\/v2\/tags?post=220472"}],"curies":[{"name":"wp","href":"https:\/\/api.w.org\/{rel}","templated":true}]}}