{"id":220478,"date":"2026-01-08T12:25:11","date_gmt":"2026-01-08T12:25:11","guid":{"rendered":"https:\/\/www.europesays.com\/pt\/220478\/"},"modified":"2026-01-08T12:25:11","modified_gmt":"2026-01-08T12:25:11","slug":"ele-e-ela-a-nova-minisserie-misteriosa-da-netflix-que-promete-conquistar-os-espectadores","status":"publish","type":"post","link":"https:\/\/www.europesays.com\/pt\/220478\/","title":{"rendered":"\u201cEle e Ela\u201d, a nova miniss\u00e9rie misteriosa da Netflix que promete conquistar os espectadores"},"content":{"rendered":"<p dir=\"ltr\">\u201cEle e Ela\u201d (\u201cHis &amp; Hers\u201d), nova aposta da Netflix protagonizada por Tessa Thompson e Jon Bernthal, estreou-se esta quinta-feira, 8 de janeiro. A miniss\u00e9rie foi realizada por William Oldroyd (&#8220;Lady Macbeth&#8221;) e \u00e9 baseada no romance de Alice Feeney.<\/p>\n<p dir=\"ltr\">A miniss\u00e9rie decorre em Atlanta, onde Anna (Tessa Thompson) vive numa reclus\u00e3o assombrosa, afastando-se cada vez mais dos amigos e da carreira de piv\u00f4 de televis\u00e3o.\u00a0 Por\u00e9m, ao ficar a saber de um homic\u00eddio em Dahlonega, a pacata localidade onde cresceu, Anna regressa \u00e0 atividade para encontrar respostas.\u00a0<\/p>\n<p>O detetive Jack Harper (Jon Bernthal) desenvolve uma estranha suspeita acerca do envolvimento dela e aponta-lhe a mira da sua pr\u00f3pria investiga\u00e7\u00e3o. \u201cEm cada hist\u00f3ria, existem sempre dois lados. E como \u2018Ele e Ela\u2019 n\u00e3o foge \u00e0 regra, h\u00e1 sempre algu\u00e9m que mente\u201d, resume a Netflix.<\/p>\n<p dir=\"ltr\">\u00a0<strong>Veja o trailer:<\/strong><\/p>\n<p dir=\"ltr\">\u00a0<\/p>\n<p>\u00a0<\/p>\n","protected":false},"excerpt":{"rendered":"\u201cEle e Ela\u201d (\u201cHis &amp; Hers\u201d), nova aposta da Netflix protagonizada por Tessa Thompson e Jon Bernthal, estreou-se&hellip;\n","protected":false},"author":2,"featured_media":220479,"comment_status":"","ping_status":"","sticky":false,"template":"","format":"standard","meta":{"footnotes":""},"categories":[142],"tags":[114,115,32,33,151],"class_list":{"0":"post-220478","1":"post","2":"type-post","3":"status-publish","4":"format-standard","5":"has-post-thumbnail","7":"category-tv","8":"tag-entertainment","9":"tag-entretenimento","10":"tag-portugal","11":"tag-pt","12":"tag-tv"},"share_on_mastodon":{"url":"https:\/\/pubeurope.com\/@pt\/115859470648179901","error":""},"_links":{"self":[{"href":"https:\/\/www.europesays.com\/pt\/wp-json\/wp\/v2\/posts\/220478","targetHints":{"allow":["GET"]}}],"collection":[{"href":"https:\/\/www.europesays.com\/pt\/wp-json\/wp\/v2\/posts"}],"about":[{"href":"https:\/\/www.europesays.com\/pt\/wp-json\/wp\/v2\/types\/post"}],"author":[{"embeddable":true,"href":"https:\/\/www.europesays.com\/pt\/wp-json\/wp\/v2\/users\/2"}],"replies":[{"embeddable":true,"href":"https:\/\/www.europesays.com\/pt\/wp-json\/wp\/v2\/comments?post=220478"}],"version-history":[{"count":0,"href":"https:\/\/www.europesays.com\/pt\/wp-json\/wp\/v2\/posts\/220478\/revisions"}],"wp:featuredmedia":[{"embeddable":true,"href":"https:\/\/www.europesays.com\/pt\/wp-json\/wp\/v2\/media\/220479"}],"wp:attachment":[{"href":"https:\/\/www.europesays.com\/pt\/wp-json\/wp\/v2\/media?parent=220478"}],"wp:term":[{"taxonomy":"category","embeddable":true,"href":"https:\/\/www.europesays.com\/pt\/wp-json\/wp\/v2\/categories?post=220478"},{"taxonomy":"post_tag","embeddable":true,"href":"https:\/\/www.europesays.com\/pt\/wp-json\/wp\/v2\/tags?post=220478"}],"curies":[{"name":"wp","href":"https:\/\/api.w.org\/{rel}","templated":true}]}}