{"id":220493,"date":"2026-01-08T12:36:08","date_gmt":"2026-01-08T12:36:08","guid":{"rendered":"https:\/\/www.europesays.com\/pt\/220493\/"},"modified":"2026-01-08T12:36:08","modified_gmt":"2026-01-08T12:36:08","slug":"eua-saem-de-66-organizacoes-e-agencias-internacionais-observador","status":"publish","type":"post","link":"https:\/\/www.europesays.com\/pt\/220493\/","title":{"rendered":"EUA saem de 66 organiza\u00e7\u00f5es e ag\u00eancias internacionais \u2013 Observador"},"content":{"rendered":"<p>A administra\u00e7\u00e3o de Donald Trump vai retirar os Estados Unidos de dezenas de organiza\u00e7\u00f5es internacionais, incluindo da ag\u00eancia de popula\u00e7\u00e3o da ONU e do tratado da ONU para negocia\u00e7\u00f5es internacionais sobre clima, distanciando-se cada vez mais da coopera\u00e7\u00e3o global.<\/p>\n<p>O Presidente Donald Trump assinou esta quarta-feira uma ordem executiva que <strong>suspende o apoio dos EUA a 66 organiza\u00e7\u00f5es, ag\u00eancias e comiss\u00f5es<\/strong>, dando instru\u00e7\u00f5es para que a sua administra\u00e7\u00e3o reveja a participa\u00e7\u00e3o e o financiamento dos EUA em todas as organiza\u00e7\u00f5es internacionais, incluindo as ligadas \u00e0s Na\u00e7\u00f5es Unidas, <a href=\"https:\/\/apnews.com\/article\/united-nations-trump-international-organizations-withdrawal-d704fb9b444dc9cf569865d391b544a6\" target=\"_blank\" rel=\"noopener nofollow\">de acordo com um respons\u00e1vel norte-americano que falou \u00e0 Associated Press<\/a> (AP) sob condi\u00e7\u00e3o de anonimato por se tratar de uma decis\u00e3o presidencial que ainda n\u00e3o foi anunciada publicamente.<\/p>\n<p>A maioria dos alvos s\u00e3o ag\u00eancias, comiss\u00f5es e pain\u00e9is consultivos relacionados com a ONU, que se concentram em quest\u00f5es de clima, trabalho e outros assuntos que a administra\u00e7\u00e3o Trump tem considerado como voltados para a diversidade e iniciativas \u201cwoke\u201d. \u201cA Administra\u00e7\u00e3o Trump considerou estas institui\u00e7\u00f5es <strong>redundantes no seu \u00e2mbito, mal geridas, desnecess\u00e1rias, desperdi\u00e7adoras, mal administradas<\/strong>, capturadas pelos interesses de atores que promovem as suas pr\u00f3prias agendas em detrimento das nossas, ou uma amea\u00e7a \u00e0 soberania, liberdades e prosperidade geral da nossa na\u00e7\u00e3o\u201d, segundo um comunicado do Departamento de Estado citado pela AP.<\/p>\n<p>\u201c<strong>Acho que estamos a ver a cristaliza\u00e7\u00e3o da abordagem dos EUA ao multilateralismo, que passa pelo: \u2018ou \u00e9 \u00e0 minha maneira ou n\u00e3o \u00e9\u2019<\/strong>\u201c, disse \u00e0 AP Daniel Forti, respons\u00e1vel do International Crisis Group pelos temas relacionados com a ONU. \u201c\u00c9 uma vis\u00e3o muito clara sobre uma coopera\u00e7\u00e3o internacional nos pr\u00f3prios termos\u201d, considera.<\/p>\n<p>A decis\u00e3o de Trump de retirar os EUA de organiza\u00e7\u00f5es que promovem a coopera\u00e7\u00e3o entre na\u00e7\u00f5es para enfrentar desafios globais surge num momento em que a sua administra\u00e7\u00e3o lan\u00e7a esfor\u00e7os militares ou emite amea\u00e7as que inquietam tantos aliados como advers\u00e1rios. Desde logo <a href=\"https:\/\/observador.pt\/2026\/01\/05\/das-oito-casas-aos-comandos-cubanos-vespas-negras-ate-a-replica-usada-em-treinos-dentro-da-operacao-de-captura-de-nicolas-maduro\/\" target=\"_blank\" rel=\"noopener nofollow\">a recente captura do l\u00edder autocr\u00e1tico venezuelano Nicol\u00e1s Maduro<\/a> e <a href=\"https:\/\/observador.pt\/2026\/01\/07\/comprar-ou-invadir-donald-trump-considera-leque-de-opcoes-para-obter-gronelandia\/\" target=\"_blank\" rel=\"noopener nofollow\">os repetidos avisos de que os EUA querem assumir o controlo da Gronel\u00e2ndia<\/a>.<\/p>\n<blockquote class=\"wp-embedded-content\" data-secret=\"AawDmkay72\">\n<p><a href=\"https:\/\/observador.pt\/2026\/01\/05\/das-oito-casas-aos-comandos-cubanos-vespas-negras-ate-a-replica-usada-em-treinos-dentro-da-operacao-de-captura-de-nicolas-maduro\/\" rel=\"nofollow noopener\" target=\"_blank\">Das oito casas aos comandos cubanos \u2018Vespas Negras\u2019, at\u00e9 \u00e0 r\u00e9plica usada em treinos: dentro da opera\u00e7\u00e3o de captura de Nicol\u00e1s Maduro<\/a><\/p>\n<\/blockquote>\n<p>Esta <strong>\u00e9 a mais recente retirada dos EUA de ag\u00eancias globais<\/strong>. A administra\u00e7\u00e3o Trump j\u00e1 tinha suspendido o apoio a ag\u00eancias como a Organiza\u00e7\u00e3o Mundial da Sa\u00fade, a ag\u00eancia da ONU para os refugiados palestinianos (UNRWA), o Conselho de Direitos Humanos da ONU e a organiza\u00e7\u00e3o da ONU para a educa\u00e7\u00e3o, ci\u00eancia e cultura UNESCO, ao mesmo tem que adotou uma abordagem mais seletiva no pagamento das suas contribui\u00e7\u00f5es para o organismo mundial, escolhendo quais as opera\u00e7\u00f5es e ag\u00eancias que acreditam estarem alinhadas com a sua agenda, em detrimento daquelas que j\u00e1 n\u00e3o servem os interesses dos Estados Unidos.<\/p>\n<p>Esta postura marcou uma mudan\u00e7a significativa em rela\u00e7\u00e3o a administra\u00e7\u00f5es anteriores \u2014 tanto republicanas como democratas \u2014 e for\u00e7ou a ONU, j\u00e1 a passar por uma reflex\u00e3o interna, a responder com uma s\u00e9rie de cortes de pessoal e programas.<\/p>\n<p>Muitas ag\u00eancias independentes n\u00e3o-governamentais, algumas que trabalham com as Na\u00e7\u00f5es Unidas, citaram numerosos encerramentos de projetos devido \u00e0 decis\u00e3o da administra\u00e7\u00e3o dos EUA, no ano passado, de cortar a assist\u00eancia externa atrav\u00e9s da Ag\u00eancia dos EUA para o Desenvolvimento Internacional, ou USAID, considerada a maior ag\u00eancia mundial de ajuda humanit\u00e1ria.<\/p>\n<blockquote class=\"wp-embedded-content\" data-secret=\"zvOrd86qtx\">\n<p><a href=\"https:\/\/observador.pt\/2025\/03\/28\/governo-trump-formaliza-desmantelamento-da-agencia-de-ajuda-internacional-dos-eua\/\" rel=\"nofollow noopener\" target=\"_blank\">Governo Trump formaliza desmantelamento da ag\u00eancia de ajuda internacional dos EUA<\/a><\/p>\n<\/blockquote>\n<p>Apesar da mudan\u00e7a dr\u00e1stica, os respons\u00e1veis dos EUA, incluindo o pr\u00f3prio Trump, dizem ter reconhecido o potencial da ONU e querem, em alternativa, concentrar o dinheiro dos contribuintes norte-americanos na expans\u00e3o e influ\u00eancia americana em muitas das iniciativas da ONU que definem padr\u00f5es, onde h\u00e1 competi\u00e7\u00e3o com a China, como a Uni\u00e3o Internacional de Telecomunica\u00e7\u00f5es, a Organiza\u00e7\u00e3o Mar\u00edtima Internacional e a Organiza\u00e7\u00e3o Internacional do Trabalho.<\/p>\n<p>A retirada da Conven\u00e7\u00e3o-Quadro das Na\u00e7\u00f5es Unidas sobre Mudan\u00e7a Clim\u00e1tica, ou UNFCCC, \u00e9 o<strong> mais recente esfor\u00e7o de Trump e dos seus aliados para distanciar os EUA de organiza\u00e7\u00f5es internacionais focadas no clima e no combate \u00e0s altera\u00e7\u00f5es clim\u00e1ticas<\/strong>. A UNFCCC, um acordo de 1992 entre 198 pa\u00edses para apoiar financeiramente atividades de mudan\u00e7a clim\u00e1tica em pa\u00edses em desenvolvimento, \u00e9 o tratado subjacente ao hist\u00f3rico Acordo de Paris sobre o clima. Trump, que chama \u00e0s altera\u00e7\u00f5es clim\u00e1ticas uma farsa, retirou-se desse acordo pouco depois de recuperar a Casa Branca.<\/p>\n<p>Outras organiza\u00e7\u00f5es e ag\u00eancias das quais os EUA v\u00e3o sair incluem o Carbon Free Energy Compact, a Universidade das Na\u00e7\u00f5es Unidas, o Comit\u00e9 Consultivo Internacional do Algod\u00e3o, a Organiza\u00e7\u00e3o Internacional das Madeiras Tropicais, a Parceria para a Coopera\u00e7\u00e3o do Atl\u00e2ntico, o Instituto Pan-Americano de Geografia e Hist\u00f3ria, a Federa\u00e7\u00e3o Internacional de Conselhos de Artes e Ag\u00eancias Culturais e o Grupo de Estudo Internacional do Chumbo e do Zinco. O Departamento de Estado afirmou que est\u00e3o a decorrer revis\u00f5es adicionais.<\/p>\n","protected":false},"excerpt":{"rendered":"A administra\u00e7\u00e3o de Donald Trump vai retirar os Estados Unidos de dezenas de organiza\u00e7\u00f5es internacionais, incluindo da ag\u00eancia&hellip;\n","protected":false},"author":2,"featured_media":220494,"comment_status":"","ping_status":"","sticky":false,"template":"","format":"standard","meta":{"footnotes":""},"categories":[50],"tags":[624,27,28,42695,623,15,16,14,25,26,21,22,62,12,13,19,20,302,23,24,37683,8271,17,18,29,30,31,63,64,65],"class_list":{"0":"post-220493","1":"post","2":"type-post","3":"status-publish","4":"format-standard","5":"has-post-thumbnail","7":"category-mundo","8":"tag-amu00e9rica","9":"tag-breaking-news","10":"tag-breakingnews","11":"tag-bu00f3nus","12":"tag-estados-unidos-da-amu00e9rica","13":"tag-featured-news","14":"tag-featurednews","15":"tag-headlines","16":"tag-latest-news","17":"tag-latestnews","18":"tag-main-news","19":"tag-mainnews","20":"tag-mundo","21":"tag-news","22":"tag-noticias","23":"tag-noticias-principais","24":"tag-noticiasprincipais","25":"tag-polu00edtica","26":"tag-principais-noticias","27":"tag-principaisnoticias","28":"tag-prognu00f3sticos","29":"tag-relau00e7u00f5es-internacionais","30":"tag-top-stories","31":"tag-topstories","32":"tag-ultimas","33":"tag-ultimas-noticias","34":"tag-ultimasnoticias","35":"tag-world","36":"tag-world-news","37":"tag-worldnews"},"share_on_mastodon":{"url":"","error":"Validation failed: Text character limit of 500 exceeded"},"_links":{"self":[{"href":"https:\/\/www.europesays.com\/pt\/wp-json\/wp\/v2\/posts\/220493","targetHints":{"allow":["GET"]}}],"collection":[{"href":"https:\/\/www.europesays.com\/pt\/wp-json\/wp\/v2\/posts"}],"about":[{"href":"https:\/\/www.europesays.com\/pt\/wp-json\/wp\/v2\/types\/post"}],"author":[{"embeddable":true,"href":"https:\/\/www.europesays.com\/pt\/wp-json\/wp\/v2\/users\/2"}],"replies":[{"embeddable":true,"href":"https:\/\/www.europesays.com\/pt\/wp-json\/wp\/v2\/comments?post=220493"}],"version-history":[{"count":0,"href":"https:\/\/www.europesays.com\/pt\/wp-json\/wp\/v2\/posts\/220493\/revisions"}],"wp:featuredmedia":[{"embeddable":true,"href":"https:\/\/www.europesays.com\/pt\/wp-json\/wp\/v2\/media\/220494"}],"wp:attachment":[{"href":"https:\/\/www.europesays.com\/pt\/wp-json\/wp\/v2\/media?parent=220493"}],"wp:term":[{"taxonomy":"category","embeddable":true,"href":"https:\/\/www.europesays.com\/pt\/wp-json\/wp\/v2\/categories?post=220493"},{"taxonomy":"post_tag","embeddable":true,"href":"https:\/\/www.europesays.com\/pt\/wp-json\/wp\/v2\/tags?post=220493"}],"curies":[{"name":"wp","href":"https:\/\/api.w.org\/{rel}","templated":true}]}}