{"id":220497,"date":"2026-01-08T12:38:16","date_gmt":"2026-01-08T12:38:16","guid":{"rendered":"https:\/\/www.europesays.com\/pt\/220497\/"},"modified":"2026-01-08T12:38:16","modified_gmt":"2026-01-08T12:38:16","slug":"benfica-abaixo-do-minimo-aceitavel","status":"publish","type":"post","link":"https:\/\/www.europesays.com\/pt\/220497\/","title":{"rendered":"Benfica abaixo do m\u00ednimo aceit\u00e1vel"},"content":{"rendered":"<p>Depois de o Sporting, ferido por les\u00f5es em catadupa, ter deixado escancarada a porta para uma final da Ta\u00e7a da Liga teoricamente acess\u00edvel, sem advers\u00e1rio da mesma igualha, o Benfica respondeu da pior forma poss\u00edvel: com apatia, desresponsabiliza\u00e7\u00e3o e uma exibi\u00e7\u00e3o que ro\u00e7ou o inaceit\u00e1vel. Perdeu-se, assim, mais uma oportunidade clara de se aproximar de um trof\u00e9u \u2014 algo que nunca deve ser desvalorizado num clube desta dimens\u00e3o, muito menos em tempos de escassez como os atuais.<\/p>\n<p>A meia-final frente ao\u00a0SC Braga\u00a0foi um retrato fiel de uma equipa sem nervo competitivo, sem ambi\u00e7\u00e3o e sem solu\u00e7\u00f5es. O rendimento foi paup\u00e9rrimo, o resultado abaixo de qualquer patamar aceit\u00e1vel&#8230; N\u00e3o h\u00e1 ret\u00f3rica que o salve, nem contexto que o atenue.<\/p>\n<p>No final, Jos\u00e9 Mourinho apontou o dedo, falou de uma primeira parte horr\u00edvel e de desempenhos individuais abaixo dos m\u00ednimos, deixando no ar a amea\u00e7a de consequ\u00eancias. Palavras duras, sem d\u00favida. Mas olhando para o filme completo \u2014 para o que se repete semana ap\u00f3s semana, sempre sem melhorias vis\u00edveis \u2014 tudo soa a p\u00f3lvora seca. O problema parece estrutural, quase end\u00e9mico, e a solu\u00e7\u00e3o continua fora de vista.<\/p>\n<p>O que mudou, afinal, desde os piores momentos de Roger Schmidt ou de Bruno Lage? Mudam-se os treinadores, refor\u00e7a-se o plantel, investe-se \u2014 e o que se v\u00ea est\u00e1 longe de qualquer evolu\u00e7\u00e3o sustentada. Por vezes, \u00e9 at\u00e9 o contr\u00e1rio. Inexplic\u00e1vel a todos os n\u00edveis. E, mais do que isso, profundamente constrangedor.<\/p>\n<p>A \u00e9poca ainda n\u00e3o est\u00e1 formalmente fechada, \u00e9 certo. O segundo lugar na Liga continua a ser muito diferente do terceiro. Mas t\u00edtulos? Com este n\u00edvel\u00a0exibicional, tudo aponta para que as aspira\u00e7\u00f5es terminem j\u00e1 na pr\u00f3xima semana, no\u00a0Est\u00e1dio do Drag\u00e3o. A menos que, num rasgo de pragmatismo extremo, surja mais um empate arrancado a ferros e que o acaso \u2014 sempre ele \u2014 sorria nos\u00a0pen\u00e1ltis. At\u00e9 l\u00e1, o Benfica continua ref\u00e9m de si pr\u00f3prio.<\/p>\n","protected":false},"excerpt":{"rendered":"Depois de o Sporting, ferido por les\u00f5es em catadupa, ter deixado escancarada a porta para uma final da&hellip;\n","protected":false},"author":2,"featured_media":220498,"comment_status":"","ping_status":"","sticky":false,"template":"","format":"standard","meta":{"footnotes":""},"categories":[8],"tags":[27,28,15,16,14,25,26,21,22,12,13,19,20,32,23,24,33,17,18,29,30,31],"class_list":{"0":"post-220497","1":"post","2":"type-post","3":"status-publish","4":"format-standard","5":"has-post-thumbnail","7":"category-principais-noticias","8":"tag-breaking-news","9":"tag-breakingnews","10":"tag-featured-news","11":"tag-featurednews","12":"tag-headlines","13":"tag-latest-news","14":"tag-latestnews","15":"tag-main-news","16":"tag-mainnews","17":"tag-news","18":"tag-noticias","19":"tag-noticias-principais","20":"tag-noticiasprincipais","21":"tag-portugal","22":"tag-principais-noticias","23":"tag-principaisnoticias","24":"tag-pt","25":"tag-top-stories","26":"tag-topstories","27":"tag-ultimas","28":"tag-ultimas-noticias","29":"tag-ultimasnoticias"},"share_on_mastodon":{"url":"https:\/\/pubeurope.com\/@pt\/115859521834014735","error":""},"_links":{"self":[{"href":"https:\/\/www.europesays.com\/pt\/wp-json\/wp\/v2\/posts\/220497","targetHints":{"allow":["GET"]}}],"collection":[{"href":"https:\/\/www.europesays.com\/pt\/wp-json\/wp\/v2\/posts"}],"about":[{"href":"https:\/\/www.europesays.com\/pt\/wp-json\/wp\/v2\/types\/post"}],"author":[{"embeddable":true,"href":"https:\/\/www.europesays.com\/pt\/wp-json\/wp\/v2\/users\/2"}],"replies":[{"embeddable":true,"href":"https:\/\/www.europesays.com\/pt\/wp-json\/wp\/v2\/comments?post=220497"}],"version-history":[{"count":0,"href":"https:\/\/www.europesays.com\/pt\/wp-json\/wp\/v2\/posts\/220497\/revisions"}],"wp:featuredmedia":[{"embeddable":true,"href":"https:\/\/www.europesays.com\/pt\/wp-json\/wp\/v2\/media\/220498"}],"wp:attachment":[{"href":"https:\/\/www.europesays.com\/pt\/wp-json\/wp\/v2\/media?parent=220497"}],"wp:term":[{"taxonomy":"category","embeddable":true,"href":"https:\/\/www.europesays.com\/pt\/wp-json\/wp\/v2\/categories?post=220497"},{"taxonomy":"post_tag","embeddable":true,"href":"https:\/\/www.europesays.com\/pt\/wp-json\/wp\/v2\/tags?post=220497"}],"curies":[{"name":"wp","href":"https:\/\/api.w.org\/{rel}","templated":true}]}}