{"id":220507,"date":"2026-01-08T12:45:08","date_gmt":"2026-01-08T12:45:08","guid":{"rendered":"https:\/\/www.europesays.com\/pt\/220507\/"},"modified":"2026-01-08T12:45:08","modified_gmt":"2026-01-08T12:45:08","slug":"foto-adeptos-do-benfica-exibem-tarja-na-luz-apos-eliminacao-na-taca-da-liga","status":"publish","type":"post","link":"https:\/\/www.europesays.com\/pt\/220507\/","title":{"rendered":"FOTO: adeptos do Benfica exibem tarja na Luz ap\u00f3s elimina\u00e7\u00e3o na Ta\u00e7a da Liga"},"content":{"rendered":"<p data-end=\"503\" data-start=\"206\">A elimina\u00e7\u00e3o do Benfica nas meias-finais da Ta\u00e7a da Liga, frente ao Sp. Braga (3-1), provocou contesta\u00e7\u00e3o entre alguns adeptos encarnados. Cerca de 30 apoiantes deslocaram-se, na noite de quarta-feira, \u00e0s imedia\u00e7\u00f5es do Est\u00e1dio da Luz para protestar contra a atual pol\u00edtica desportiva do clube.<\/p>\n<p data-end=\"848\" data-start=\"505\">\u00c0 espera da chegada da equipa a Lisboa, que acabaria por n\u00e3o acontecer, j\u00e1 que o <a href=\"https:\/\/maisfutebol.iol.pt\/geral\/07-01-2026\/benfica-plantel-passa-noite-no-seixal\" target=\"_blank\" rel=\"nofollow noopener\">plantel seguiu diretamente para o Benfica Campus, no Seixal<\/a>, onde pernoitou, o grupo exibiu uma tarja que rapidamente come\u00e7ou a circular nas redes sociais.<\/p>\n<p data-end=\"848\" data-start=\"505\">\u00abDepois do hotel, fa\u00e7am um bordel. Que se f**** os t\u00edtulos, queremos \u00e9 bet\u00e3o\u00bb, pode ler-se na mensagem.<\/p>\n<p data-end=\"1155\" data-start=\"850\">A tarja surge como cr\u00edtica direta \u00e0s op\u00e7\u00f5es estrat\u00e9gicas da dire\u00e7\u00e3o liderada por Rui Costa e faz refer\u00eancia \u00e0 inaugura\u00e7\u00e3o, na v\u00e9spera, do 1904 Benfica Hotel, na Rua do Jardim do Regedor, em Lisboa.<\/p>\n<p style=\"text-align:center\"><img loading=\"lazy\" decoding=\"async\" alt=\"\" height=\"563\" src=\"https:\/\/www.europesays.com\/pt\/wp-content\/uploads\/2026\/01\/1767876308_149_1000.webp\" width=\"1000\"\/><\/p>\n<p data-end=\"1155\" data-start=\"850\">\u00a0<\/p>\n","protected":false},"excerpt":{"rendered":"A elimina\u00e7\u00e3o do Benfica nas meias-finais da Ta\u00e7a da Liga, frente ao Sp. Braga (3-1), provocou contesta\u00e7\u00e3o entre&hellip;\n","protected":false},"author":2,"featured_media":220508,"comment_status":"","ping_status":"","sticky":false,"template":"","format":"standard","meta":{"footnotes":""},"categories":[87],"tags":[9231,51,135,279,46,32,33,47,1233,134,5344,42697],"class_list":{"0":"post-220507","1":"post","2":"type-post","3":"status-publish","4":"format-standard","5":"has-post-thumbnail","7":"category-desporto","8":"tag-adeptos","9":"tag-benfica","10":"tag-desporto","11":"tag-estadio-da-luz","12":"tag-maisfutebol","13":"tag-portugal","14":"tag-pt","15":"tag-pura-paixao","16":"tag-sp-braga","17":"tag-sports","18":"tag-taca-da-liga","19":"tag-tarja"},"share_on_mastodon":{"url":"https:\/\/pubeurope.com\/@pt\/115859549481203625","error":""},"_links":{"self":[{"href":"https:\/\/www.europesays.com\/pt\/wp-json\/wp\/v2\/posts\/220507","targetHints":{"allow":["GET"]}}],"collection":[{"href":"https:\/\/www.europesays.com\/pt\/wp-json\/wp\/v2\/posts"}],"about":[{"href":"https:\/\/www.europesays.com\/pt\/wp-json\/wp\/v2\/types\/post"}],"author":[{"embeddable":true,"href":"https:\/\/www.europesays.com\/pt\/wp-json\/wp\/v2\/users\/2"}],"replies":[{"embeddable":true,"href":"https:\/\/www.europesays.com\/pt\/wp-json\/wp\/v2\/comments?post=220507"}],"version-history":[{"count":0,"href":"https:\/\/www.europesays.com\/pt\/wp-json\/wp\/v2\/posts\/220507\/revisions"}],"wp:featuredmedia":[{"embeddable":true,"href":"https:\/\/www.europesays.com\/pt\/wp-json\/wp\/v2\/media\/220508"}],"wp:attachment":[{"href":"https:\/\/www.europesays.com\/pt\/wp-json\/wp\/v2\/media?parent=220507"}],"wp:term":[{"taxonomy":"category","embeddable":true,"href":"https:\/\/www.europesays.com\/pt\/wp-json\/wp\/v2\/categories?post=220507"},{"taxonomy":"post_tag","embeddable":true,"href":"https:\/\/www.europesays.com\/pt\/wp-json\/wp\/v2\/tags?post=220507"}],"curies":[{"name":"wp","href":"https:\/\/api.w.org\/{rel}","templated":true}]}}