{"id":220517,"date":"2026-01-08T12:56:06","date_gmt":"2026-01-08T12:56:06","guid":{"rendered":"https:\/\/www.europesays.com\/pt\/220517\/"},"modified":"2026-01-08T12:56:06","modified_gmt":"2026-01-08T12:56:06","slug":"no-fim-de-semana-pode-voltar-a-falhar-a-luz-saiba-onde-e-os-horarios-noticias-ao-minuto","status":"publish","type":"post","link":"https:\/\/www.europesays.com\/pt\/220517\/","title":{"rendered":"No fim de semana pode voltar a falhar a luz: Saiba onde (e os hor\u00e1rios) &#8211; Not\u00edcias ao Minuto"},"content":{"rendered":"<ol>\n<li><a href=\"https:\/\/news.google.com\/rss\/articles\/CBMiugFBVV95cUxPdW95THprYjVISkxYeVh6V0lmbXRVVUVzb1oybVJ3WFJNZFFLOTdxbVhhUjM5VFlMZlJzNUJTbVNiZVcwNWl2Ynpmc2R0T0JyNlV3TG5EcVVfNFlNbmp3MGtpei03eHcwUG9JTkdMX0JjeEZvZURkYmxfVU9rVTZaS2RuOXctTzk4UEtlY1NhcFFCVjhyelFlcTNzUHdjTmNIWGlXdGRiSUliakdMNTY0ZEljYWtqVFFRN1E?oc=5\" target=\"_blank\" rel=\"nofollow noopener\">No fim de semana pode voltar a falhar a luz: Saiba onde (e os hor\u00e1rios)<\/a>&nbsp;&nbsp;Not\u00edcias ao Minuto<\/li>\n<li><a href=\"https:\/\/news.google.com\/rss\/articles\/CBMi3gFBVV95cUxNTTlpRDVHVktaUUdweWg5WnF6anh3YVF0RmdRbTRCeExNUHhpV0RGUHhWbGYza1VSdlJwNGc4NHBDTFdfN3ZrNGJxZ2YzSkwwQXh3OUNwRmFub2tKb09jMnBoQ3pxbTRUUEZHVExpMjZmblZXaFcwNTlwQkZkUUN3OXc2eTAwUkZJam9Dd2liV1M1NGRXcWh3dXN3b2FYWFd1bVA1aFFhR1A3N0NtaHhYd3M2WjN2bFB2M3BqOW5vOWVmT241LWlHaktSNmZLMDh0SkQwRDgydm1taWJuY2fSAeMBQVVfeXFMTk9JMjJCcDFlZ0dNWXZuTU0zbk16b0Z4VnptWloxUmhVcDVOWEJLeENxZG1qaENkbWFKUjJrRExUNWNNcDQ4Ni14TGU5R1BndGtPMkphdm5CNDB5OXhJM2xkNUJFUTRtSk15bEpxMVJfV0R5UURoVW4wWjN3NmFqNVBpWURka045Zm9RRG5lOWlzN0xzNVZYelN3S1FhN3dzZThwYkVqY1F4RFlRTVYzamE1VXhOWWlZTnhoQ2FFTFowZ1dXdTNpMUFvc2hTU2pvWEUtalNra2JZVkgwM2FaWDBaM0E?oc=5\" target=\"_blank\" rel=\"nofollow noopener\">H\u00e1 novos cortes de eletricidade no domingo: dezenas de ruas v\u00e3o ser afetadas<\/a>&nbsp;&nbsp;AWAY IOL<\/li>\n<li><a href=\"https:\/\/news.google.com\/rss\/articles\/CBMirAFBVV95cUxQdEFidDRuVGV3T0VkSG92aWwzMUJCVVVaZkRiUjdJR2Y5LWxoNFFudC1Eb0pjbzFDUnQtY3VoWVM1ZjJBN25VLVZuNzN6S21lTnh5WEJRVnBHc1FfcHFqVC1yUXVYd0lWWElELWpVamhscEVoWDNaaDZyVTBWSm5GNjZUX1ZVQ2p1Vkg3Z1NrNTF1T0JGOTBCYTFtZEdIWW5oUVZlR1I3WDJVb3RH?oc=5\" target=\"_blank\" rel=\"nofollow noopener\">Novos cortes de luz na regi\u00e3o de Lisboa agendados para domingo<\/a>&nbsp;&nbsp;Renascen\u00e7a<\/li>\n<li><a href=\"https:\/\/news.google.com\/rss\/articles\/CBMinAFBVV95cUxOejRRWFNqUFZQdWlUanJZbVRISUJ2X2h1WXVfWExleWF5R25WR2dhWHRGZXQ5N1RFalZzSjN0Tm45RklrbFJXSzg2MjRIZHMxRWYwb0J5b3pCbXVpTVJWNjhVRlVnTmlMZ2FESGNoalBZTDZsSF9ZRXA1UWVkbUV3aDd2TEw2eFh6ei12ZnJuS1hDRFZ6eEs1MEJadDg?oc=5\" target=\"_blank\" rel=\"nofollow noopener\">Eletricidade vai falhar este domingo em Portugal. V\u00ea a lista de locais e horas<\/a>&nbsp;&nbsp;4gnews<\/li>\n<li><a href=\"https:\/\/news.google.com\/rss\/articles\/CBMivgFBVV95cUxQNEN6enV0MER1aVhwakR4QVlhRk1YZ2Q0SXVtd3BrTkFwQzVRQnRHeE81TDhsV3ZkOEE5SC1kVkpLbWlyb0tvdlJ5TXpaY3JSQTAzMld3Y1Z2RnUwWndNNEN4TkEyZUltUGxwWkdzTEtmcGRCUEJVV1hSN1h5U0VnODRpbEFYVThoTGFQc09TYllnZGNtWGFMd2JoSGZnbDQ2VVI0S3JRUGVybFhhRUZ5Y2c3NGhxR1F5UHVMdUhB?oc=5\" target=\"_blank\" rel=\"nofollow noopener\">Cortes de eletricidade programados para domingo em zonas da Grande Lisboa<\/a>&nbsp;&nbsp;SIC Not\u00edcias<\/li>\n<\/ol>\n","protected":false},"excerpt":{"rendered":"No fim de semana pode voltar a falhar a luz: Saiba onde (e os hor\u00e1rios)&nbsp;&nbsp;Not\u00edcias ao Minuto H\u00e1&hellip;\n","protected":false},"author":2,"featured_media":220518,"comment_status":"","ping_status":"","sticky":false,"template":"","format":"standard","meta":{"footnotes":""},"categories":[10],"tags":[27,28,15,16,14,25,26,21,22,12,13,19,20,32,23,24,33,17,18,29,30,31],"class_list":{"0":"post-220517","1":"post","2":"type-post","3":"status-publish","4":"format-standard","5":"has-post-thumbnail","7":"category-portugal","8":"tag-breaking-news","9":"tag-breakingnews","10":"tag-featured-news","11":"tag-featurednews","12":"tag-headlines","13":"tag-latest-news","14":"tag-latestnews","15":"tag-main-news","16":"tag-mainnews","17":"tag-news","18":"tag-noticias","19":"tag-noticias-principais","20":"tag-noticiasprincipais","21":"tag-portugal","22":"tag-principais-noticias","23":"tag-principaisnoticias","24":"tag-pt","25":"tag-top-stories","26":"tag-topstories","27":"tag-ultimas","28":"tag-ultimas-noticias","29":"tag-ultimasnoticias"},"share_on_mastodon":{"url":"","error":""},"_links":{"self":[{"href":"https:\/\/www.europesays.com\/pt\/wp-json\/wp\/v2\/posts\/220517","targetHints":{"allow":["GET"]}}],"collection":[{"href":"https:\/\/www.europesays.com\/pt\/wp-json\/wp\/v2\/posts"}],"about":[{"href":"https:\/\/www.europesays.com\/pt\/wp-json\/wp\/v2\/types\/post"}],"author":[{"embeddable":true,"href":"https:\/\/www.europesays.com\/pt\/wp-json\/wp\/v2\/users\/2"}],"replies":[{"embeddable":true,"href":"https:\/\/www.europesays.com\/pt\/wp-json\/wp\/v2\/comments?post=220517"}],"version-history":[{"count":0,"href":"https:\/\/www.europesays.com\/pt\/wp-json\/wp\/v2\/posts\/220517\/revisions"}],"wp:featuredmedia":[{"embeddable":true,"href":"https:\/\/www.europesays.com\/pt\/wp-json\/wp\/v2\/media\/220518"}],"wp:attachment":[{"href":"https:\/\/www.europesays.com\/pt\/wp-json\/wp\/v2\/media?parent=220517"}],"wp:term":[{"taxonomy":"category","embeddable":true,"href":"https:\/\/www.europesays.com\/pt\/wp-json\/wp\/v2\/categories?post=220517"},{"taxonomy":"post_tag","embeddable":true,"href":"https:\/\/www.europesays.com\/pt\/wp-json\/wp\/v2\/tags?post=220517"}],"curies":[{"name":"wp","href":"https:\/\/api.w.org\/{rel}","templated":true}]}}