{"id":220525,"date":"2026-01-08T13:03:13","date_gmt":"2026-01-08T13:03:13","guid":{"rendered":"https:\/\/www.europesays.com\/pt\/220525\/"},"modified":"2026-01-08T13:03:13","modified_gmt":"2026-01-08T13:03:13","slug":"star-wars-lucasfilm-aponta-substitutos-de-kennedy-como-presidentes","status":"publish","type":"post","link":"https:\/\/www.europesays.com\/pt\/220525\/","title":{"rendered":"Star Wars | Lucasfilm aponta substitutos de Kennedy como presidentes"},"content":{"rendered":"<p>A\u00a0<strong>Lucasfilm\u00a0<\/strong>enfim definiu seus novos presidentes, que assumir\u00e3o o cargo de\u00a0<strong>Kathleen Kennedy\u00a0<\/strong>como chefes do universo\u00a0<strong>Star Wars<\/strong>. <strong>Dave Filoni <\/strong>e <strong>Lynwen Brennan <\/strong>ser\u00e3o os novos presidentes do est\u00fadio.<\/p>\n<p>Segundo o\u00a0<a href=\"https:\/\/puck.news\/20-surefire-100-percent-probable-hollywood-predictions-for-2026\/\" rel=\"nofollow noopener\" target=\"_blank\">Puck<\/a>, Brennan ser\u00e1 promovido de Gerente Geral e supervisionar\u00e1 as fun\u00e7\u00f5es executivas da companhia, enquanto Filoni liderar\u00e1 todo o desenvolvimento criativo da franquia. Filoni, vale lembrar, trabalha no universo\u00a0Star Wars\u00a0h\u00e1 mais de uma d\u00e9cada, tendo comandado a s\u00e9rie animada <strong>The Clone Wars <\/strong>e sendo o roteirista e produtor do vindouro <strong>O Mandaloriano e Grogu<\/strong>, pr\u00f3ximo filme da franquia.<\/p>\n<p>            Continua depois da Publicidade<\/p>\n<p>    <strong>Tudo sobre O Mandaloriano e Grogu<\/strong><\/p>\n<p dir=\"ltr\">O Mandaloriano e Grogu\u00a0dar\u00e1 continuidade aos eventos vistos na terceira temporada da s\u00e9rie\u00a0<strong>The Mandalorian<\/strong>, da qual\u00a0Jon Favreau, que dirige o filme,\u00a0tamb\u00e9m \u00e9 o criador. Assim como na s\u00e9rie,\u00a0<strong>Dave Filoni<\/strong>, chefe criativo da Lucasfilm e criador da personagem (e da s\u00e9rie) Ahsoka, \u00e9 roteirista e produtor.<\/p>\n<p dir=\"ltr\">O Mandaloriano e Grogu\u00a0ser\u00e1 o primeiro filme de\u00a0Star Wars\u00a0a ser lan\u00e7ado nos cinemas depois de\u00a0<strong>Star Wars: Epis\u00f3dio IX &#8211; A Ascens\u00e3o Skywalker<\/strong>, conclus\u00e3o da trilogia que continua a Saga Skywalker. O filme arrecadou US$ 1 bilh\u00e3o, mas foi rejeitado amplamente por cr\u00edticos e f\u00e3s, deixando a franquia longe da telona nos \u00faltimos seis anos.<\/p>\n<p dir=\"ltr\">Neste meio tempo, s\u00e9ries de Star Wars\u00a0t\u00eam sido lan\u00e7adas anualmente, e delas, a mais popular \u00e9\u00a0The Mandalorian, levando a Lucasfilm a resolver apostar num longa-metragem dos personagens. O elenco do filme inclui\u00a0<strong>Pedro Pascal<\/strong>,\u00a0<strong>Sigourney Weaver <\/strong>e\u00a0<strong>Jonny Coyne<\/strong>.<\/p>\n<p>            Continua depois da Publicidade<\/p>\n<p dir=\"ltr\">Pascal interpreta Din Djarin, um mandaloriano ca\u00e7ador de recompensas que se depara com uma crian\u00e7a da mesma esp\u00e9cie do Mestre Yoda chamada Grogu, e que ao se recusar a entreg\u00e1-la para fac\u00e7\u00f5es que ainda acreditam no Imp\u00e9rio (a hist\u00f3ria come\u00e7a alguns ap\u00f3s a morte do Imperador Palpatine) passa a navegar a gal\u00e1xia ao lado dela. Ao longo das tr\u00eas temporadas, ele se v\u00ea, tamb\u00e9m, envolvido com a restaura\u00e7\u00e3o dos mandalorianos.<\/p>\n<p data-gtm-vis-first-on-screen67967661_30=\"2706\" data-gtm-vis-has-fired67967661_30=\"1\" data-gtm-vis-total-visible-time67967661_30=\"100\">O longa tem estreia marcada para\u00a0<strong>21 de\u00a0maio de 2026<\/strong>. As\u00a0tr\u00eas primeiras temporadas de\u00a0The Mandalorian, assim como todos os filmes e s\u00e9ries da franquia Star Wars est\u00e3o dispon\u00edveis no<strong>\u00a0Disney+<\/strong>.<\/p>\n","protected":false},"excerpt":{"rendered":"A\u00a0Lucasfilm\u00a0enfim definiu seus novos presidentes, que assumir\u00e3o o cargo de\u00a0Kathleen Kennedy\u00a0como chefes do universo\u00a0Star Wars. Dave Filoni e&hellip;\n","protected":false},"author":2,"featured_media":220526,"comment_status":"","ping_status":"","sticky":false,"template":"","format":"standard","meta":{"footnotes":""},"categories":[140],"tags":[114,115,147,148,146,32,33],"class_list":{"0":"post-220525","1":"post","2":"type-post","3":"status-publish","4":"format-standard","5":"has-post-thumbnail","7":"category-filmes","8":"tag-entertainment","9":"tag-entretenimento","10":"tag-film","11":"tag-filmes","12":"tag-movies","13":"tag-portugal","14":"tag-pt"},"share_on_mastodon":{"url":"https:\/\/pubeurope.com\/@pt\/115859620383124105","error":""},"_links":{"self":[{"href":"https:\/\/www.europesays.com\/pt\/wp-json\/wp\/v2\/posts\/220525","targetHints":{"allow":["GET"]}}],"collection":[{"href":"https:\/\/www.europesays.com\/pt\/wp-json\/wp\/v2\/posts"}],"about":[{"href":"https:\/\/www.europesays.com\/pt\/wp-json\/wp\/v2\/types\/post"}],"author":[{"embeddable":true,"href":"https:\/\/www.europesays.com\/pt\/wp-json\/wp\/v2\/users\/2"}],"replies":[{"embeddable":true,"href":"https:\/\/www.europesays.com\/pt\/wp-json\/wp\/v2\/comments?post=220525"}],"version-history":[{"count":0,"href":"https:\/\/www.europesays.com\/pt\/wp-json\/wp\/v2\/posts\/220525\/revisions"}],"wp:featuredmedia":[{"embeddable":true,"href":"https:\/\/www.europesays.com\/pt\/wp-json\/wp\/v2\/media\/220526"}],"wp:attachment":[{"href":"https:\/\/www.europesays.com\/pt\/wp-json\/wp\/v2\/media?parent=220525"}],"wp:term":[{"taxonomy":"category","embeddable":true,"href":"https:\/\/www.europesays.com\/pt\/wp-json\/wp\/v2\/categories?post=220525"},{"taxonomy":"post_tag","embeddable":true,"href":"https:\/\/www.europesays.com\/pt\/wp-json\/wp\/v2\/tags?post=220525"}],"curies":[{"name":"wp","href":"https:\/\/api.w.org\/{rel}","templated":true}]}}