{"id":220542,"date":"2026-01-08T13:12:17","date_gmt":"2026-01-08T13:12:17","guid":{"rendered":"https:\/\/www.europesays.com\/pt\/220542\/"},"modified":"2026-01-08T13:12:17","modified_gmt":"2026-01-08T13:12:17","slug":"minimalismo-intencional-domina-a-beleza-das-famosas-no-critics-choice-awards-2026-r7-entretenimento","status":"publish","type":"post","link":"https:\/\/www.europesays.com\/pt\/220542\/","title":{"rendered":"Minimalismo intencional domina a beleza das famosas no Critics Choice Awards 2026 \u2013 R7 Entretenimento"},"content":{"rendered":"<p><img decoding=\"async\" data-chromatic=\"ignore\" alt=\"\" class=\"c-image\" loading=\"lazy\" src=\"https:\/\/www.europesays.com\/pt\/wp-content\/uploads\/2026\/01\/J2RPPPIETND6ZAYMSHADKV33WQ.jpg\"  width=\"1920\" height=\"1080\"\/>Minimalismo intencional domina a beleza das famosas no Critics Choice Awards 2026 Montagem R7\/Reuters <\/p>\n<p class=\"jarvics:base-text-neutral-high-400 base-text-[calc(theme(fontSize.xs)_*_var(--font-size,_1))] base-font-normal base-font-primary base-text-neutral-low-500 base-text-left\">No Critics Choice Awards 2026, que aconteceu na Calif\u00f3rnia (EUA), no dia 4, a <a href=\"https:\/\/entretenimento.r7.com\/vivaavida\/prisma\/makes-e-afins\/minimalismo-vs-maximalismo-os-dois-extremos-que-definem-a-maquiagem-atual-02122025\/\" target=\"_self\" rel=\"nofollow noopener\" title=\"https:\/\/entretenimento.r7.com\/vivaavida\/prisma\/makes-e-afins\/minimalismo-vs-maximalismo-os-dois-extremos-que-definem-a-maquiagem-atual-02122025\/\">maquiagem das celebridades seguiu uma tend\u00eancia minimalista,<\/a> por\u00e9m intencional. Os visuais estavam sutis, mas a sensa\u00e7\u00e3o foi de que todas as decis\u00f5es tomadas tinham o objetivo de valorizar a beleza natural das artistas.<\/p>\n<p class=\"jarvics:base-text-neutral-high-400 base-text-[calc(theme(fontSize.xs)_*_var(--font-size,_1))] base-font-normal base-font-primary base-text-neutral-low-500 base-text-left\">As peles tinham vi\u00e7o natural e aspecto de \u201cpouco produto\u201d, com sombras neutras e t\u00e9cnicas de defini\u00e7\u00e3o usadas com parcim\u00f4nia para real\u00e7ar tra\u00e7os sem sobrecarregar, deixando as fei\u00e7\u00f5es em evid\u00eancia de maneira elegante.<\/p>\n<p class=\"jarvics:base-text-neutral-high-400 base-text-[calc(theme(fontSize.xs)_*_var(--font-size,_1))] base-font-normal base-font-primary base-text-neutral-low-500 base-text-left\">Al\u00e9m da inten\u00e7\u00e3o por tr\u00e1s dos looks, o foco em luminosidade suave e naturalidade continua refletindo a est\u00e9tica contempor\u00e2nea da \u201cclean girl\u201d que, por mais que esteja perdendo um pouco de espa\u00e7o, est\u00e1 longe de ir embora.<\/p>\n<p class=\"jarvics:base-text-neutral-high-400 base-text-[calc(theme(fontSize.xs)_*_var(--font-size,_1))] base-font-normal base-font-primary base-text-neutral-low-500 base-text-left\">Mas n\u00e3o s\u00f3 de \u201cmake nada\u201d se fez a noite. Celebridades como Amanda Seyfried e Kristen Bell real\u00e7aram o olhar com o tradicional esfumadinho marrom. J\u00e1 Rhea Seehorn e diretora Hikari escolheram exaltar os l\u00e1bios com um vermelh\u00e3o poderoso.<\/p>\n<p class=\"jarvics:base-text-neutral-high-400 base-text-[calc(theme(fontSize.xs)_*_var(--font-size,_1))] base-font-normal base-font-primary base-text-neutral-low-500 base-text-left\">Veja abaixo algumas das belezas que passaram pelo tapete vermelho.<\/p>\n<p>Elle Fanning<img decoding=\"async\" data-chromatic=\"ignore\" alt=\"\" class=\"c-image\" loading=\"lazy\" src=\"https:\/\/www.europesays.com\/pt\/wp-content\/uploads\/2026\/01\/QV63JJRQ5ZHOBGLBYAR46AJQKY.JPG\"  width=\"4263\" height=\"3025\"\/>Atriz combinou o visual b\u00e1sico com um longo dourado REUTERS\/Mike Blake &#8211; 04.01.2025 Nicole Beharie<img decoding=\"async\" data-chromatic=\"ignore\" alt=\"\" class=\"c-image\" loading=\"lazy\" src=\"https:\/\/www.europesays.com\/pt\/wp-content\/uploads\/2026\/01\/PIR7V2UR25D4THC46OO2E5KC6I.JPG\"  width=\"5500\" height=\"3887\"\/>Nicole apareceu com o contorno real\u00e7ado, mas sem pesar REUTERS\/Caroline Brehman &#8211; 04.01.2026 Amanda Seyfried<img decoding=\"async\" data-chromatic=\"ignore\" alt=\"\" class=\"c-image\" loading=\"lazy\" src=\"https:\/\/www.europesays.com\/pt\/wp-content\/uploads\/2026\/01\/CSWMOE2AYJATHKDEPJS7CQ5NFQ.JPG\"  width=\"6500\" height=\"4345\"\/>Amanda optou pelos l\u00e1bios corados REUTERS\/Caroline Brehman &#8211; 04.01.2026 Ego Nwodim<img decoding=\"async\" data-chromatic=\"ignore\" alt=\"\" class=\"c-image\" loading=\"lazy\" src=\"https:\/\/www.europesays.com\/pt\/wp-content\/uploads\/2026\/01\/OBKY47R2VZAFFEFTT27VUI43KA.JPG\"  width=\"6500\" height=\"4363\"\/>Comediante escolheu tons neutros para real\u00e7ar seus tra\u00e7os REUTERS\/Caroline Brehman &#8211; 04.01.2026 Kristen Bell<img decoding=\"async\" data-chromatic=\"ignore\" alt=\"\" class=\"c-image\" loading=\"lazy\" src=\"https:\/\/www.europesays.com\/pt\/wp-content\/uploads\/2026\/01\/N4H73XXRKJHXRFIXZEQ6KL3I3E.JPG\"  width=\"5500\" height=\"3648\"\/>Kristen Bell abusou um pouco mais dos produtos com um esfumadinho nos olhos REUTERS\/Caroline Brehman &#8211; 04.01.2026 Rose Byrne<img decoding=\"async\" data-chromatic=\"ignore\" alt=\"\" class=\"c-image\" loading=\"lazy\" src=\"https:\/\/www.europesays.com\/pt\/wp-content\/uploads\/2026\/01\/XX6KPZ6MFZAMLJ3EXKJTW727K4.JPG\"  width=\"5500\" height=\"3779\"\/>Rose Byrne surgiu com a make um pouco mais trabalhada, mas ainda neutra REUTERS\/Caroline Brehman &#8211; 04.01.2026 Rhea Seehorn<img decoding=\"async\" data-chromatic=\"ignore\" alt=\"\" class=\"c-image\" loading=\"lazy\" src=\"https:\/\/www.europesays.com\/pt\/wp-content\/uploads\/2026\/01\/LCT4WO55YFESPE3D55DSVR2F24.JPG\"  width=\"5500\" height=\"3667\"\/>Rhea Seehorn colocou o batom vermelho para jogo REUTERS\/Caroline Brehman &#8211; 04.01.2026 Michelle Randolph<img decoding=\"async\" data-chromatic=\"ignore\" alt=\"\" class=\"c-image\" loading=\"lazy\" src=\"https:\/\/www.europesays.com\/pt\/wp-content\/uploads\/2026\/01\/UQUYVEVNGBBXJLKB7RL76Q5BSQ.JPG\"  width=\"6500\" height=\"4512\"\/>Michelle Randolph apostou em um visual &#8220;messy&#8221; com rosto clean e cabelo bagun\u00e7adinho REUTERS\/Caroline Brehman &#8211; 04.01.2026 Emilia Jones<img decoding=\"async\" data-chromatic=\"ignore\" alt=\"\" class=\"c-image\" loading=\"lazy\" src=\"https:\/\/www.europesays.com\/pt\/wp-content\/uploads\/2026\/01\/PL63OLSZPJEGZOOQI5HMKJEL5E.JPG\"  width=\"6000\" height=\"4000\"\/>Emilia Jones apresentou uma beleza monocrom\u00e1tica e deixou o destaque para a joia emoldurando seu colo REUTERS\/Mike Blake &#8211; 04.01.2025 Hikari<img decoding=\"async\" data-chromatic=\"ignore\" alt=\"\" class=\"c-image\" loading=\"lazy\" src=\"https:\/\/www.europesays.com\/pt\/wp-content\/uploads\/2026\/01\/HPWSGOMYERAIJKYDEXMJSG3DNA.JPG\"  width=\"5500\" height=\"3667\"\/>A diretora Hikari apostou no combo cl\u00e1ssico de l\u00e1bios vermelhos e p\u00e9rolas REUTERS\/Mike Blake &#8211; 04.01.2025 <\/p>\n<p class=\"jarvics:base-text-neutral-high-400 base-text-[calc(theme(fontSize.xs)_*_var(--font-size,_1))] base-font-normal base-font-primary base-text-neutral-low-500 base-text-left\">\u2705<b>Para saber tudo do mundo dos famosos,<\/b><a href=\"https:\/\/whatsapp.com\/channel\/0029Va9UfKcHQbRyCyhPt71R\" rel=\"nofollow noopener\" target=\"_blank\"><b> siga o canal de entretenimento do R7<\/b><\/a><b>, o portal de not\u00edcias da Record, no WhatsApp<\/b><\/p>\n<p>Os textos aqui publicados <strong>n\u00e3o refletem<\/strong> necessariamente a opini\u00e3o do<strong> Grupo Record<\/strong>.<\/p>\n","protected":false},"excerpt":{"rendered":"Minimalismo intencional domina a beleza das famosas no Critics Choice Awards 2026 Montagem R7\/Reuters No Critics Choice Awards&hellip;\n","protected":false},"author":2,"featured_media":220543,"comment_status":"","ping_status":"","sticky":false,"template":"","format":"standard","meta":{"footnotes":""},"categories":[145],"tags":[211,210,114,115,6342,32,33],"class_list":{"0":"post-220542","1":"post","2":"type-post","3":"status-publish","4":"format-standard","5":"has-post-thumbnail","7":"category-celebridades","8":"tag-celebridades","9":"tag-celebrities","10":"tag-entertainment","11":"tag-entretenimento","12":"tag-maquiagem","13":"tag-portugal","14":"tag-pt"},"share_on_mastodon":{"url":"","error":""},"_links":{"self":[{"href":"https:\/\/www.europesays.com\/pt\/wp-json\/wp\/v2\/posts\/220542","targetHints":{"allow":["GET"]}}],"collection":[{"href":"https:\/\/www.europesays.com\/pt\/wp-json\/wp\/v2\/posts"}],"about":[{"href":"https:\/\/www.europesays.com\/pt\/wp-json\/wp\/v2\/types\/post"}],"author":[{"embeddable":true,"href":"https:\/\/www.europesays.com\/pt\/wp-json\/wp\/v2\/users\/2"}],"replies":[{"embeddable":true,"href":"https:\/\/www.europesays.com\/pt\/wp-json\/wp\/v2\/comments?post=220542"}],"version-history":[{"count":0,"href":"https:\/\/www.europesays.com\/pt\/wp-json\/wp\/v2\/posts\/220542\/revisions"}],"wp:featuredmedia":[{"embeddable":true,"href":"https:\/\/www.europesays.com\/pt\/wp-json\/wp\/v2\/media\/220543"}],"wp:attachment":[{"href":"https:\/\/www.europesays.com\/pt\/wp-json\/wp\/v2\/media?parent=220542"}],"wp:term":[{"taxonomy":"category","embeddable":true,"href":"https:\/\/www.europesays.com\/pt\/wp-json\/wp\/v2\/categories?post=220542"},{"taxonomy":"post_tag","embeddable":true,"href":"https:\/\/www.europesays.com\/pt\/wp-json\/wp\/v2\/tags?post=220542"}],"curies":[{"name":"wp","href":"https:\/\/api.w.org\/{rel}","templated":true}]}}