{"id":220544,"date":"2026-01-08T13:15:22","date_gmt":"2026-01-08T13:15:22","guid":{"rendered":"https:\/\/www.europesays.com\/pt\/220544\/"},"modified":"2026-01-08T13:15:22","modified_gmt":"2026-01-08T13:15:22","slug":"terra-forte-surpreendente-flor-desiste-da-heranca-por-causa-de-rosinha-e-surpreende-toda-a-gente-novelas","status":"publish","type":"post","link":"https:\/\/www.europesays.com\/pt\/220544\/","title":{"rendered":"Terra Forte. Surpreendente: Flor desiste da heran\u00e7a por causa de Rosinha e surpreende toda a gente &#8211; Novelas"},"content":{"rendered":"<p>Vai ser uma verdadeira reviravolta. Depois de recuperar do coma, Flor (Benedita Pereira) vai receber uma proposta de Maria de F\u00e1tima (Rita Pereira) para dividirem a heran\u00e7a. Todavia, o facto de Rosinha (Francisca Salgado) n\u00e3o largar Dudu (Tom\u00e1s Taborda) vai faz\u00ea-la mudar de ideias. <\/p>\n<p>        &#13;<\/p>\n<p>                        &#13;<br \/>\n                            <img decoding=\"async\" src=\"https:\/\/www.europesays.com\/pt\/wp-content\/uploads\/2026\/01\/img_220x220uu2025-11-18-19-09-43-399078.jpg\" class=\"img_fluid\" loading=\"lazy\" alt=\"\"\/>&#13;<\/p>\n<p class=\"title\">Ler tamb\u00e9m<\/p>\n<p>                    <a href=\"https:\/\/www.tvguia.pt\/novelas\/detalhe\/terra-forte-que-emocao-flor-regressa-a-casa-apos-fintar-a-morte-e-fica-numa-cadeira-de-rodas\" class=\"streched_link\" title=\"\" content_list_position=\"1\" rel=\"nofollow noopener\" target=\"_blank\">Terra Forte. Que emo\u00e7\u00e3o: Flor regressa a casa ap\u00f3s fintar a morte e fica numa cadeira de rodas <\/a><\/p>\n<p>            &#13;<\/p>\n<p>Ant\u00f3nio (Jo\u00e3o Catarr\u00e9) pressiona Flor para admitir se n\u00e3o pensa em vingar-se de Maria de F\u00e1tima por ela ter ficado com uma vida que seria sua junto com Sammy (Jos\u00e9 Fidalgo), para al\u00e9m de poder ter sido ela quem a empurrou do cruzeiro. Flor acaba por assumir que sempre pensou nisso desde o dia do acidente. <\/p>\n<p>        &#13;<\/p>\n<p>                        &#13;<br \/>\n                            <img decoding=\"async\" src=\"https:\/\/www.europesays.com\/pt\/wp-content\/uploads\/2026\/01\/img_220x220uu2026-01-02-19-26-42-401402.jpg\" class=\"img_fluid\" loading=\"lazy\" alt=\"\"\/>&#13;<\/p>\n<p class=\"title\">Ler tamb\u00e9m<\/p>\n<p>                    <a href=\"https:\/\/www.tvguia.pt\/novelas\/detalhe\/terra-forte-surpresa-maria-de-fatima-cai-no-plano-de-cobra-e-deixa-se-enganar-pelo-homem-que-ele-contratou-para-a-deixar-na-miseria\" class=\"streched_link\" title=\"\" content_list_position=\"2\" rel=\"nofollow noopener\" target=\"_blank\">Terra Forte. Surpresa: Maria de F\u00e1tima cai no plano de Cobra e deixa-se enganar pelo homem que ele contratou para a deixar na mis\u00e9ria<\/a><\/p>\n<p>            &#13;<\/p>\n<p>Em l\u00e1grimas, a pescadora confidencia que vive todos os dias toldada de d\u00favidas sobre se agiu bem ao fingir a sua morte e em esconder a Sammy que Rosinha \u00e9 filha dele. Por seu turno, Ant\u00f3nio vinca \u00e0 mulher que sempre teve certezas sobre ela ser a mulher da sua vida, n\u00e3o querendo que Sammy saiba que Rosinha \u00e9 filha dele por ter receio que depois disso ele tente tudo para voltar para ela. Flor olha-o s\u00e9ria e sai para ir falar com a adolescente. <\/p>\n<p>        &#13;<\/p>\n<p>                        &#13;<br \/>\n                            <img decoding=\"async\" src=\"https:\/\/www.europesays.com\/pt\/wp-content\/uploads\/2026\/01\/img_220x220uu2025-12-04-18-24-49-400075.jpg\" class=\"img_fluid\" loading=\"lazy\" alt=\"\"\/>&#13;<\/p>\n<p class=\"title\">Ler tamb\u00e9m<\/p>\n<p>                    <a href=\"https:\/\/www.tvguia.pt\/novelas\/detalhe\/terra-forte-drama-maria-de-fatima-e-acusada-de-anunciar-a-morte-de-flor-mas-antonio-iliba-a-e-salva-a-perante-sammy\" class=\"streched_link\" title=\"\" content_list_position=\"3\" rel=\"nofollow noopener\" target=\"_blank\">Terra Forte. Drama: Maria de F\u00e1tima \u00e9 acusada de anunciar a morte de Flor, mas Ant\u00f3nio iliba-a e salva-a perante Sammy<\/a><\/p>\n<p>            &#13;<\/p>\n<p>Rosinha diz a Flor que n\u00e3o conseguiu cumprir o que lhe prometeu por gostar de Dudu a s\u00e9rio. A pescadora responde que nesse caso tamb\u00e9m se v\u00ea no direito de desistir da sua heran\u00e7a, visto ela n\u00e3o ter cumprido o que acordaram. Rosinha diz \u00e0 m\u00e3e n\u00e3o compreender por que ela est\u00e1 a agir assim. <\/p>\n<p>Por fim, a adolescente reitera a Flor que n\u00e3o compreende por que ela quer tanto que se afaste de Dudu quando j\u00e1 est\u00e1 em paz com Maria de F\u00e1tima. Flor diz que j\u00e1 decidiu e vai recusar a heran\u00e7a por causa dela e sai disparada. <\/p>\n<p>Saiba tudo sobre &#8216;Terra Forte&#8217; e as outras novelas na revista\u00a0<b>TV Guia<\/b>\u00a0desta semana, j\u00e1 nas bancas de Portugal, ou na vers\u00e3o digital,\u00a0<a href=\"https:\/\/assinaturas.xl.pt\/tv_guia\" rel=\"nofollow noopener\" target=\"_blank\">aqui<\/a>.\u00a0 \u00a0<\/p>\n<p>            &#13;<br \/>\n                &#13;<br \/>\n&#13;<br \/>\n&#13;<br \/>\n    &#13;<br \/>\n&#13;<br \/>\n&#13;<\/p>\n","protected":false},"excerpt":{"rendered":"Vai ser uma verdadeira reviravolta. Depois de recuperar do coma, Flor (Benedita Pereira) vai receber uma proposta de&hellip;\n","protected":false},"author":2,"featured_media":220545,"comment_status":"","ping_status":"","sticky":false,"template":"","format":"standard","meta":{"footnotes":""},"categories":[142],"tags":[3273,211,7094,114,115,2727,164,8598,32,33,5871,218,151,40743],"class_list":{"0":"post-220544","1":"post","2":"type-post","3":"status-publish","4":"format-standard","5":"has-post-thumbnail","7":"category-tv","8":"tag-adolescentes","9":"tag-celebridades","10":"tag-dudu","11":"tag-entertainment","12":"tag-entretenimento","13":"tag-joao-catarre","14":"tag-jose-fidalgo","15":"tag-maria-de-fatima","16":"tag-portugal","17":"tag-pt","18":"tag-rita-pereira","19":"tag-televisao","20":"tag-tv","21":"tag-tv-guia"},"share_on_mastodon":{"url":"https:\/\/pubeurope.com\/@pt\/115859667253842827","error":""},"_links":{"self":[{"href":"https:\/\/www.europesays.com\/pt\/wp-json\/wp\/v2\/posts\/220544","targetHints":{"allow":["GET"]}}],"collection":[{"href":"https:\/\/www.europesays.com\/pt\/wp-json\/wp\/v2\/posts"}],"about":[{"href":"https:\/\/www.europesays.com\/pt\/wp-json\/wp\/v2\/types\/post"}],"author":[{"embeddable":true,"href":"https:\/\/www.europesays.com\/pt\/wp-json\/wp\/v2\/users\/2"}],"replies":[{"embeddable":true,"href":"https:\/\/www.europesays.com\/pt\/wp-json\/wp\/v2\/comments?post=220544"}],"version-history":[{"count":0,"href":"https:\/\/www.europesays.com\/pt\/wp-json\/wp\/v2\/posts\/220544\/revisions"}],"wp:featuredmedia":[{"embeddable":true,"href":"https:\/\/www.europesays.com\/pt\/wp-json\/wp\/v2\/media\/220545"}],"wp:attachment":[{"href":"https:\/\/www.europesays.com\/pt\/wp-json\/wp\/v2\/media?parent=220544"}],"wp:term":[{"taxonomy":"category","embeddable":true,"href":"https:\/\/www.europesays.com\/pt\/wp-json\/wp\/v2\/categories?post=220544"},{"taxonomy":"post_tag","embeddable":true,"href":"https:\/\/www.europesays.com\/pt\/wp-json\/wp\/v2\/tags?post=220544"}],"curies":[{"name":"wp","href":"https:\/\/api.w.org\/{rel}","templated":true}]}}