{"id":220546,"date":"2026-01-08T13:17:07","date_gmt":"2026-01-08T13:17:07","guid":{"rendered":"https:\/\/www.europesays.com\/pt\/220546\/"},"modified":"2026-01-08T13:17:07","modified_gmt":"2026-01-08T13:17:07","slug":"vingadores-doutor-destino-alan-cumming-relembra-embate-com-pedro-pascal-em-filmagens","status":"publish","type":"post","link":"https:\/\/www.europesays.com\/pt\/220546\/","title":{"rendered":"Vingadores: Doutor Destino | Alan Cumming relembra embate com Pedro Pascal em filmagens"},"content":{"rendered":"<p class=\"wp-block-yoast-seo-estimated-reading-time yoast-reading-time__wrapper\">Estimated reading time: 2 minutos<\/p>\n<p>Pronto para prestigiar seu retorno como <strong>Noturno<\/strong> em <a href=\"https:\/\/ovicio.com.br\/tag\/vingadores-doutor-destino\" rel=\"nofollow noopener\" target=\"_blank\">Vingadores: Doutor Destino<\/a>, gra\u00e7as \u00e0 <strong>Allan Cumming<\/strong>, estamos descobrindo mais detalhes de seu confronto com <a href=\"https:\/\/ovicio.com.br\/tag\/pedro-pascal\" target=\"_blank\" rel=\"noreferrer noopener nofollow\">Pedro Pascal<\/a> no blockbuster.<\/p>\n<p>Em apari\u00e7\u00e3o no programa <strong>Jimmy Kimmel Live!<\/strong>, o ator dos antigos filmes dos <a href=\"https:\/\/ovicio.com.br\/tag\/x-men\" target=\"_blank\" rel=\"noreferrer noopener nofollow\">X-Men<\/a> da <strong>Fox<\/strong>, relembrou sua cena de luta com o int\u00e9rprete do <strong>Senhor Fant\u00e1stico<\/strong>, e brincou sobre um pequeno &#8220;acidente&#8221;:<\/p>\n<p><strong>&#8220;Na minha primeira cena com Pedro, ele machucou o pesco\u00e7o e teve que ir para casa. Eu acabei com ele.&#8221;<\/strong><\/p>\n<p><a href=\"https:\/\/ovicio.com.br\/tag\/alan-cumming\" target=\"_blank\" rel=\"noreferrer noopener nofollow\">Cumming<\/a> j\u00e1 havia revelado acidentalmente que o X-Man enfrentaria o membro do <a href=\"https:\/\/ovicio.com.br\/filme\/quarteto-fantastico\" target=\"_blank\" rel=\"noreferrer noopener nofollow\">Quarteto Fant\u00e1stico<\/a> na trama, confirmando o encontro dos dois n\u00facleos de super-her\u00f3is em algum momento.<\/p>\n<p><strong>Vingadores: Doutor Destino<\/strong> est\u00e1 atualmente em p\u00f3s-produ\u00e7\u00e3o, e ser\u00e1 lan\u00e7ado em <strong>18 de dezembro de 2026<\/strong> nos cinemas.<\/p>\n<p>A dire\u00e7\u00e3o fica por conta dos <a href=\"https:\/\/ovicio.com.br\/tag\/irmaos-russo\" target=\"_blank\" rel=\"noreferrer noopener nofollow\">Irm\u00e3os Russo<\/a>, os mesmos cineastas de <strong>Guerra Infinita (2018)<\/strong> e <strong>Ultimato (2019)<\/strong>.<\/p>\n<p>Leia mais sobre os Vingadores:<\/p>\n<p><strong>Fonte: <\/strong><a href=\"https:\/\/www.youtube.com\/watch?si=1QbUvyqtLMawtcmb&amp;v=4Uqoqcd9o4s&amp;feature=youtu.be\" target=\"_blank\" rel=\"noreferrer noopener nofollow\">Jimmy Kimmel Live<\/a><\/p>\n","protected":false},"excerpt":{"rendered":"Estimated reading time: 2 minutos Pronto para prestigiar seu retorno como Noturno em Vingadores: Doutor Destino, gra\u00e7as \u00e0&hellip;\n","protected":false},"author":2,"featured_media":220547,"comment_status":"","ping_status":"","sticky":false,"template":"","format":"standard","meta":{"footnotes":""},"categories":[140],"tags":[13291,114,115,147,148,13299,12733,146,4416,32,33,2669,38893,8107],"class_list":{"0":"post-220546","1":"post","2":"type-post","3":"status-publish","4":"format-standard","5":"has-post-thumbnail","7":"category-filmes","8":"tag-alan-cumming","9":"tag-entertainment","10":"tag-entretenimento","11":"tag-film","12":"tag-filmes","13":"tag-irmaos-russo","14":"tag-marvel-studios","15":"tag-movies","16":"tag-pedro-pascal","17":"tag-portugal","18":"tag-pt","19":"tag-quarteto-fantastico","20":"tag-vingadores-doutor-destino","21":"tag-x-men"},"share_on_mastodon":{"url":"https:\/\/pubeurope.com\/@pt\/115859676036758072","error":""},"_links":{"self":[{"href":"https:\/\/www.europesays.com\/pt\/wp-json\/wp\/v2\/posts\/220546","targetHints":{"allow":["GET"]}}],"collection":[{"href":"https:\/\/www.europesays.com\/pt\/wp-json\/wp\/v2\/posts"}],"about":[{"href":"https:\/\/www.europesays.com\/pt\/wp-json\/wp\/v2\/types\/post"}],"author":[{"embeddable":true,"href":"https:\/\/www.europesays.com\/pt\/wp-json\/wp\/v2\/users\/2"}],"replies":[{"embeddable":true,"href":"https:\/\/www.europesays.com\/pt\/wp-json\/wp\/v2\/comments?post=220546"}],"version-history":[{"count":0,"href":"https:\/\/www.europesays.com\/pt\/wp-json\/wp\/v2\/posts\/220546\/revisions"}],"wp:featuredmedia":[{"embeddable":true,"href":"https:\/\/www.europesays.com\/pt\/wp-json\/wp\/v2\/media\/220547"}],"wp:attachment":[{"href":"https:\/\/www.europesays.com\/pt\/wp-json\/wp\/v2\/media?parent=220546"}],"wp:term":[{"taxonomy":"category","embeddable":true,"href":"https:\/\/www.europesays.com\/pt\/wp-json\/wp\/v2\/categories?post=220546"},{"taxonomy":"post_tag","embeddable":true,"href":"https:\/\/www.europesays.com\/pt\/wp-json\/wp\/v2\/tags?post=220546"}],"curies":[{"name":"wp","href":"https:\/\/api.w.org\/{rel}","templated":true}]}}