{"id":220550,"date":"2026-01-08T13:19:11","date_gmt":"2026-01-08T13:19:11","guid":{"rendered":"https:\/\/www.europesays.com\/pt\/220550\/"},"modified":"2026-01-08T13:19:11","modified_gmt":"2026-01-08T13:19:11","slug":"prefeitura-de-mogi-das-cruzes-noticias-10","status":"publish","type":"post","link":"https:\/\/www.europesays.com\/pt\/220550\/","title":{"rendered":"Prefeitura de Mogi das Cruzes &#8211; Not\u00edcias"},"content":{"rendered":"<p>Secretaria de Sa\u00fade e Bem-Estar<\/p>\n<p style=\"font-size: 16px; padding-top: 10px\">\n<p>            N\u00fameros refor\u00e7am compromisso da administra\u00e7\u00e3o com amplia\u00e7\u00e3o do acesso, resolutividade e qualidade do cuidado com os moradores da cidade<\/p>\n<p>08 de janeiro de 2026<\/p>\n<p>                <a target=\"popup\" href=\"http:\/\/www.mogidascruzes.sp.gov.br\/noticia\/saude-registra-mais-de-9-milhoes-de-atendimentos-em-mogi-no-ano-de-2025\" onclick=\"window.open(&#039;https:\/\/www.facebook.com\/dialog\/share?app_id=157282284328711&amp;display=popup&amp;href=http:\/\/www.mogidascruzes.sp.gov.br\/noticia\/saude-registra-mais-de-9-milhoes-de-atendimentos-em-mogi-no-ano-de-2025&#039;,&#039;popup&#039;,&#039;width=600,height=600&#039;); return false;\" title=\"Compartilhar no Facebook\" rel=\"nofollow noopener\"><img decoding=\"async\" src=\"https:\/\/www.europesays.com\/pt\/wp-content\/uploads\/2025\/08\/1755865032_223_icon_facebook.png\" alt=\"facebook\" style=\"height: 41px;\"\/><\/a><\/p>\n<p>                <a href=\"https:\/\/api.whatsapp.com\/send?text=http:\/\/www.mogidascruzes.sp.gov.br\/noticia\/saude-registra-mais-de-9-milhoes-de-atendimentos-em-mogi-no-ano-de-2025\" onclick=\"dataLayer.push({&#039;event&#039;: &#039;gaTriggerEvent&#039;,&#039;gaEventCategory&#039;: &#039;clique&#039;,&#039;gaEventAction&#039;: &#039;whatsapp&#039;,&#039;gaEventLabel&#039;: &#039;compartilhamento&#039;})\" rel=\"nofollow noopener\" target=\"_blank\"><br \/>\n                    <img decoding=\"async\" src=\"https:\/\/www.europesays.com\/pt\/wp-content\/uploads\/2025\/08\/1755865033_54_icon_whatsapp.png\" alt=\"whatsapp\" style=\"height: 41px;\"\/><br \/>\n                <\/a><\/p>\n<p>            Acessibilidade\n        <\/p>\n<p>                                <img decoding=\"async\" class=\"img-responsive\" title=\"Secretaria Municipal de Sa\u00fade e Bem-Estar realizou mais de 9 milh\u00f5es de atendimentos em 2025 (Divulga\u00e7\u00e3o - PMMC)\" src=\"https:\/\/www.europesays.com\/pt\/wp-content\/uploads\/2026\/01\/20260108103715695fa4fb4ce28.jpg\"\/><\/p>\n<p>Secretaria Municipal de Sa\u00fade e Bem-Estar realizou mais de 9 milh\u00f5es de atendimentos em 2025 (Divulga\u00e7\u00e3o &#8211; PMMC)<\/p>\n<p>                                                        <img decoding=\"async\" src=\"https:\/\/www.europesays.com\/pt\/wp-content\/uploads\/2026\/01\/1767878351_121_20260108103715695fa4fb4ce28.jpg\" title=\"Secretaria Municipal de Sa\u00fade e Bem-Estar realizou mais de 9 milh\u00f5es de atendimentos em 2025 (Divulga\u00e7\u00e3o - PMMC)\" widht=\"100px\" height=\"55px\"\/><\/p>\n<p>A Secretaria Municipal de Sa\u00fade de Mogi das Cruzes encerra 2025 com um balan\u00e7o positivo e expressivo dos servi\u00e7os prestados \u00e0 popula\u00e7\u00e3o. Ao longo do ano, foram realizados mais de 9 milh\u00f5es de atendimentos em toda a rede municipal, refor\u00e7ando o compromisso da administra\u00e7\u00e3o com a amplia\u00e7\u00e3o do acesso, a resolutividade e a qualidade do cuidado com os moradores da cidade.<\/p>\n<p>Na Rede de Aten\u00e7\u00e3o B\u00e1sica \u00e0 Sa\u00fade, que inclui as Unidades B\u00e1sicas de Sa\u00fade (UBSs) e as Unidades de Sa\u00fade da Fam\u00edlia (USFs), os n\u00fameros refletem a forte atua\u00e7\u00e3o na porta de entrada do sistema. Foram 596.367 consultas m\u00e9dicas e multiprofissionais nas UBSs, com destaque para atendimentos em cl\u00ednica m\u00e9dica (249.031), ginecologia e obstetr\u00edcia (113.397), pediatria (83.410), enfermagem (79.710), odontologia (57.788) e psicologia (12.631).<\/p>\n<p>Nas USFs foram 561.955 consultas, sendo 136.522 (m\u00e9dicas), 62.501 (enfermagem) e 60.930 (odontologia), al\u00e9m da realiza\u00e7\u00e3o de 302.002 procedimentos odontol\u00f3gicos. J\u00e1 as equipes das USFs realizaram 956.495 visitas domiciliares, a\u00e7\u00f5es fundamentais para o acompanhamento cont\u00ednuo dos pacientes e para a preven\u00e7\u00e3o de agravos.<\/p>\n<p>Ainda na Aten\u00e7\u00e3o B\u00e1sica, houve destaque para a realiza\u00e7\u00e3o de 1.726.073 \u00a0exames laboratoriais, 24.753 coletas de Papanicolaou, al\u00e9m da distribui\u00e7\u00e3o de 3.156.297 medicamentos e insumos, fortalecendo o cuidado integral e a promo\u00e7\u00e3o da sa\u00fade nos territ\u00f3rios.<\/p>\n<p>J\u00e1 a Rede de Aten\u00e7\u00e3o Especializada manteve alto volume de atendimentos em 2025, com 197.172 consultas e 196.886 exames especializados, al\u00e9m de interna\u00e7\u00f5es cl\u00ednicas, cir\u00fargicas, obst\u00e9tricas, pedi\u00e1tricas e m\u00e9dicas realizadas em unidades hospitalares do munic\u00edpio.<\/p>\n<p>Os servi\u00e7os de urg\u00eancia e emerg\u00eancia tamb\u00e9m apresentaram n\u00fameros expressivos, com 795.550 atendimentos em Prontos Atendimentos, al\u00e9m de atua\u00e7\u00e3o constante do SAMU, que realizou 64.270 atendimentos, remo\u00e7\u00f5es e regula\u00e7\u00f5es ao longo de todo o ano.<\/p>\n<p>A \u00e1rea de vacina\u00e7\u00e3o tamb\u00e9m teve papel de destaque, com a aplica\u00e7\u00e3o de 394.833 doses em campanhas e na rotina, incluindo gripe, Covid-19, dengue e outras vacinas do calend\u00e1rio oficial, al\u00e9m da atua\u00e7\u00e3o permanente da Vigil\u00e2ncia em Sa\u00fade, Controle de Zoonoses e Controle de Arboviroses.<\/p>\n<p>Para a secret\u00e1ria municipal de Sa\u00fade e Bem-Estar, Rebeca Barufi, o balan\u00e7o refor\u00e7a o papel estrat\u00e9gico da Secretaria Municipal de Sa\u00fade e Bem-Estar na organiza\u00e7\u00e3o da rede assistencial e na promo\u00e7\u00e3o de pol\u00edticas p\u00fablicas que impactam diretamente a qualidade de vida da popula\u00e7\u00e3o mogiana. \u201cOs mais de 9 milh\u00f5es de atendimentos realizados em 2025 demonstram o comprometimento da atual gest\u00e3o e o empenho di\u00e1rio dos nossos profissionais. Seguimos trabalhando para garantir acesso, cuidado humanizado e qualidade em todas as etapas da aten\u00e7\u00e3o \u00e0 sa\u00fade\u201d, destaca.<\/p>\n<p>\u00a0<\/p>\n","protected":false},"excerpt":{"rendered":"Secretaria de Sa\u00fade e Bem-Estar N\u00fameros refor\u00e7am compromisso da administra\u00e7\u00e3o com amplia\u00e7\u00e3o do acesso, resolutividade e qualidade do&hellip;\n","protected":false},"author":2,"featured_media":220551,"comment_status":"","ping_status":"","sticky":false,"template":"","format":"standard","meta":{"footnotes":""},"categories":[86],"tags":[23978,7925,116,16648,7924,32,33,30484,117],"class_list":{"0":"post-220550","1":"post","2":"type-post","3":"status-publish","4":"format-standard","5":"has-post-thumbnail","7":"category-saude","8":"tag-atendimentos","9":"tag-cruzes","10":"tag-health","11":"tag-milhoes","12":"tag-mogi","13":"tag-portugal","14":"tag-pt","15":"tag-registra","16":"tag-saude"},"share_on_mastodon":{"url":"","error":""},"_links":{"self":[{"href":"https:\/\/www.europesays.com\/pt\/wp-json\/wp\/v2\/posts\/220550","targetHints":{"allow":["GET"]}}],"collection":[{"href":"https:\/\/www.europesays.com\/pt\/wp-json\/wp\/v2\/posts"}],"about":[{"href":"https:\/\/www.europesays.com\/pt\/wp-json\/wp\/v2\/types\/post"}],"author":[{"embeddable":true,"href":"https:\/\/www.europesays.com\/pt\/wp-json\/wp\/v2\/users\/2"}],"replies":[{"embeddable":true,"href":"https:\/\/www.europesays.com\/pt\/wp-json\/wp\/v2\/comments?post=220550"}],"version-history":[{"count":0,"href":"https:\/\/www.europesays.com\/pt\/wp-json\/wp\/v2\/posts\/220550\/revisions"}],"wp:featuredmedia":[{"embeddable":true,"href":"https:\/\/www.europesays.com\/pt\/wp-json\/wp\/v2\/media\/220551"}],"wp:attachment":[{"href":"https:\/\/www.europesays.com\/pt\/wp-json\/wp\/v2\/media?parent=220550"}],"wp:term":[{"taxonomy":"category","embeddable":true,"href":"https:\/\/www.europesays.com\/pt\/wp-json\/wp\/v2\/categories?post=220550"},{"taxonomy":"post_tag","embeddable":true,"href":"https:\/\/www.europesays.com\/pt\/wp-json\/wp\/v2\/tags?post=220550"}],"curies":[{"name":"wp","href":"https:\/\/api.w.org\/{rel}","templated":true}]}}