{"id":220556,"date":"2026-01-08T13:22:09","date_gmt":"2026-01-08T13:22:09","guid":{"rendered":"https:\/\/www.europesays.com\/pt\/220556\/"},"modified":"2026-01-08T13:22:09","modified_gmt":"2026-01-08T13:22:09","slug":"dona-da-primark-tomba-ate-12-em-bolsa-apos-profit-warning-comercio","status":"publish","type":"post","link":"https:\/\/www.europesays.com\/pt\/220556\/","title":{"rendered":"Dona da Primark tomba at\u00e9 12% em bolsa ap\u00f3s &#8220;profit warning&#8221; &#8211; Com\u00e9rcio"},"content":{"rendered":"<p class=\"\">&#13;<br \/>\n        <b>As a\u00e7\u00f5es da Associated British Foods (AB Foods), dona da Primark, estavam a afundar at\u00e9 12% e<\/b>sta quinta-feira, na Bolsa de Londres, depois de o grupo ter emitido u<b>m &#8220;profit warning&#8221;<\/b>, advertindo que <b>os resultados no atual exerc\u00edcio fiscal ser\u00e3o piores do que o esperado<\/b>, devido \u00e0 <b>forte desacelera\u00e7\u00e3o nas vendas da cadeia de moda de baixo custo<\/b> e ao desempenho misto do seu neg\u00f3cio alimentar.&#13;\n    <\/p>\n<p class=\"\">&#13;<br \/>\n        <b>&#8220;A Primark teve um in\u00edcio de ano fiscal desafiante<\/b>, com um desempenho misto. No Reino Unido, as a\u00e7\u00f5es focadas e investimentos para fortalecer a nossa proposta de valor para o cliente impulsionaram a melhoria das vendas e o ganho de quota de mercado, enquanto <b>as vendas permaneceram fracas na Europa continental<\/b>&#8220;, explica o CEO da AB Foods,\u00a0George Weston, numa<a href=\"https:\/\/www.abf.co.uk\/content\/dam\/abf\/corporate\/Documents\/investors\/results-and-presentations\/2026\/ABF-Trading-Update-January-2026.pdf.downloadasset.pdf\" target=\"_blank\" rel=\"tag nofollow noopener\"> atualiza\u00e7\u00e3o ao mercado<\/a> sobre o desempenho comercial das 16 semanas terminadas a 3 de janeiro, que inclu\u00edram a \u00e9poca alta do Natal, e as perspetivas para o exerc\u00edcio fiscal de 2026, que termina em setembro.&#13;\n    <\/p>\n<p class=\"\">&#13;<br \/>\n        Em concreto, na Europa Continental, que respondeu por 49% da fatura\u00e7\u00e3o,\u00a0<b>a cadeia de moda &#8220;low cost&#8221; teve uma queda nas vendas compar\u00e1veis (Like-For-Like) de 5,7% na Europa continental<\/b>. J\u00e1 no Reino Unido e na Irlanda (45%) as vendas tiveram um aumento modesto de 1,1%. <b>Em termos globais, as vendas da Primark baixaram 2,7%.<\/b>&#13;\n    <\/p>\n<p class=\"\">&#13;<br \/>\n        &#8220;No geral, o crescimento das vendas da Primark no per\u00edodo ficou abaixo das nossas expectativas anteriores e <b>esperamos agora que o crescimento das vendas da Primark no primeiro semestre de 2026 seja de um d\u00edgito baixo<\/b>. Num ambiente comercial dif\u00edcil, aument\u00e1mos significativamente os descontos para gerir os n\u00edveis de &#8216;stock&#8217; de forma eficaz, o que impactou a rentabilidade&#8221;, explica o grupo que tem como maior acionista (59%), a Wittington Investments, da fam\u00edlia Weston. &#13;\n    <\/p>\n<p class=\"\">&#13;<br \/>\n        No comunicado, a AB Foods adianta que tem &#8220;um vasto leque de iniciativas em curso e planeadas para os pr\u00f3ximos meses&#8221; com as quais espera impulsionar a melhoria das vendas e da rentabilidade, particularmente na Europa. &#13;\n    <\/p>\n<p class=\"\">&#13;<br \/>\n        As estimativas apontam para uma subida global das vendas da cadeia de moda irlandesa de 1% em 2026, mas para uma descida em igual medida na Europa Continental.&#13;\n    <\/p>\n<p class=\"\">&#13;<br \/>\n        E fica novo aviso \u00e0 navega\u00e7\u00e3o: &#8220;No entanto, se as tend\u00eancias atuais de vendas da Primark continuarem no segundo semestre, esperamos que a margem de lucro operacional ajustada para o ano completo seja de aproximadamente 10%, semelhante ao primeiro semestre, \u00e0 medida que continuamos a investir no crescimento&#8221;.&#13;\n    <\/p>\n<p class=\"\">&#13;<br \/>\n        A AB Foods vai divulgar as vendas finais por segmento de neg\u00f3cio referente ao per\u00edodo das 16 semanas at\u00e9 3 de janeiro no pr\u00f3ximo dia 22.&#13;\n    <\/p>\n<p class=\"\">&#13;<br \/>\n        A Primark tem mais de 470 lojas em duas dezenas de pa\u00edses, incluindo 14 em Portugal, empregando um universo de aproximadamente 2.200 trabalhadores.\u00a0&#13;\n    <\/p>\n","protected":false},"excerpt":{"rendered":"&#13; As a\u00e7\u00f5es da Associated British Foods (AB Foods), dona da Primark, estavam a afundar at\u00e9 12% esta&hellip;\n","protected":false},"author":2,"featured_media":220557,"comment_status":"","ping_status":"","sticky":false,"template":"","format":"standard","meta":{"footnotes":""},"categories":[83],"tags":[3272,42700,88,89,90,445,42701,10183,4878,32,17447,42699,33,713],"class_list":{"0":"post-220556","1":"post","2":"type-post","3":"status-publish","4":"format-standard","5":"has-post-thumbnail","7":"category-empresas","8":"tag-acoes","9":"tag-associated-british-foods","10":"tag-business","11":"tag-economy","12":"tag-empresas","13":"tag-europa","14":"tag-george-weston","15":"tag-investimentos","16":"tag-lucros","17":"tag-portugal","18":"tag-primark","19":"tag-produtos-e-servicos-para-animais-de-estimacao","20":"tag-pt","21":"tag-reino-unido"},"share_on_mastodon":{"url":"https:\/\/pubeurope.com\/@pt\/115859694795543027","error":""},"_links":{"self":[{"href":"https:\/\/www.europesays.com\/pt\/wp-json\/wp\/v2\/posts\/220556","targetHints":{"allow":["GET"]}}],"collection":[{"href":"https:\/\/www.europesays.com\/pt\/wp-json\/wp\/v2\/posts"}],"about":[{"href":"https:\/\/www.europesays.com\/pt\/wp-json\/wp\/v2\/types\/post"}],"author":[{"embeddable":true,"href":"https:\/\/www.europesays.com\/pt\/wp-json\/wp\/v2\/users\/2"}],"replies":[{"embeddable":true,"href":"https:\/\/www.europesays.com\/pt\/wp-json\/wp\/v2\/comments?post=220556"}],"version-history":[{"count":0,"href":"https:\/\/www.europesays.com\/pt\/wp-json\/wp\/v2\/posts\/220556\/revisions"}],"wp:featuredmedia":[{"embeddable":true,"href":"https:\/\/www.europesays.com\/pt\/wp-json\/wp\/v2\/media\/220557"}],"wp:attachment":[{"href":"https:\/\/www.europesays.com\/pt\/wp-json\/wp\/v2\/media?parent=220556"}],"wp:term":[{"taxonomy":"category","embeddable":true,"href":"https:\/\/www.europesays.com\/pt\/wp-json\/wp\/v2\/categories?post=220556"},{"taxonomy":"post_tag","embeddable":true,"href":"https:\/\/www.europesays.com\/pt\/wp-json\/wp\/v2\/tags?post=220556"}],"curies":[{"name":"wp","href":"https:\/\/api.w.org\/{rel}","templated":true}]}}