{"id":220558,"date":"2026-01-08T13:23:14","date_gmt":"2026-01-08T13:23:14","guid":{"rendered":"https:\/\/www.europesays.com\/pt\/220558\/"},"modified":"2026-01-08T13:23:14","modified_gmt":"2026-01-08T13:23:14","slug":"franca-agricultores-protestam-contra-acordo-ue","status":"publish","type":"post","link":"https:\/\/www.europesays.com\/pt\/220558\/","title":{"rendered":"Fran\u00e7a. Agricultores protestam contra acordo UE"},"content":{"rendered":"<p>                Apesar do bloqueio policial \u00e0 entrada dos agricultores no cora\u00e7\u00e3o da capital, os manifestantes chegaram esta madrugada a Paris, muitos vindos da Dordonha, no sudoeste do pa\u00eds, que haviam sa\u00eddo da regi\u00e3o na segunda-feira de madrugada.<\/p>\n<p>Os agricultores estacionaram tratores em frente \u00e0 Torre Eiffel, do Arco do Triunfo e do Rio Sena, mas o contingente policial reencaminhou os manifestantes para ruas laterais, mantendo-se alguns tratores a bloquear esses marcos da capital francesa. Deixaram uma coroa de flores junto \u00e0 Torre Eiffel &#8220;em homenagem aos agricultores franceses&#8221;.<b>Os manifestantes dirigiram-se a p\u00e9 at\u00e9 \u00e0 Assembleia Nacional, tendo deixados os tratores junto aos principais monumentos da capital onde protestaram durante as primeiras horas da manh\u00e3, por ordem do minist\u00e9rio do Interior.<\/b><\/p>\n<p>&#8220;Queremos ser recebidos hoje pela presidente da Assembleia Nacional e pelo presidente do Senado&#8221;, declarou o sindicalista Bertrand Venteau da Coordena\u00e7\u00e3o Rural. A presidente da Assembleia Nacional tentou falar com os agricultores junto ao parlamento, mas foi vaiada pelos manifestantes. No entanto, a presidente anunciou que ir\u00e1 reunir comos sindicatos dos agricultores \u00e0s 14h (13h em Portugal Continental). <\/p>\n<p>          <img decoding=\"async\" itemprop=\"image\" class=\"img-fluid\"   src=\"https:\/\/www.europesays.com\/pt\/wp-content\/uploads\/2026\/01\/d7034cab062c57c22d66aaceaa7e760a_N.jpg\"\/><\/p>\n<p>\u00a0<b>Os protestos, convocados pela Coordena\u00e7\u00e3o Rural, j\u00e1 resultaram na pris\u00e3o de, pelo menos, tr\u00eas pessoas, junto \u00e0 autoestrada A6, em Nemours, a 80 quil\u00f3metros da capital.<\/b><\/p>\n<p>Uma estrada \u2013 de Porte d\u2019Auteuil &#8211; foi bloqueada com o corte de \u00e1rvores, assim como a autoestrada A13, em dire\u00e7\u00e3o a Marselha e Lyon.<\/p>\n<p>O governo franc\u00eas reagiu atrav\u00e9s da sua porta-voz, Maud Bregeon, que classificou a a\u00e7\u00e3o como \u201cilegal\u201d. &#8220;A situa\u00e7\u00e3o que temos visto desde ontem \u00e0 noite, esta manh\u00e3, \u00e9 inaceit\u00e1vel&#8221;, lamentou Bregeon, que assegura que o governo tem mantido o di\u00e1logo com os sindicatos dos agricultores. <\/p>\n<p><b>O ministro do Interior est\u00e1 a \u201cmonitorizar a situa\u00e7\u00e3o de perto\u201d, com a ministra da Agricultura a apelar \u00e0 \u201ccalma\u201d e a reconhecer as reivindica\u00e7\u00f5es como &#8220;leg\u00edtimas&#8221;.<\/b><\/p>\n<p>A pol\u00edcia francesa decretou esta quarta-feira a proibi\u00e7\u00e3o de acesso de tratores a certas \u00e1reas da capital francesa, como o Pal\u00e1cio do Eliseu, a resid\u00eancia oficial do chefe de governo, o Parlamento, entre outros. <\/p>\n<p>          <img decoding=\"async\" itemprop=\"image\" class=\"img-fluid\"   src=\"https:\/\/www.europesays.com\/pt\/wp-content\/uploads\/2026\/01\/948020c06e9153e37d6b6b533bf745c6_N.jpg\"\/><\/p>\n<p> Ros\u00e1rio Salgueiro, correspondente da RTP em Paris\u00a0Pol\u00e9mico acordo UE-Mercosul<br \/>\nUma das causas dos protestos \u00e9 o acordo comercial entre a Uni\u00e3o Europeia (UE) e os pa\u00edses da Mercosul. Este acordo foi conclu\u00eddo em 2019, mas ainda n\u00e3o foi ratificado pela Uni\u00e3o Europeia, que enfrenta a oposi\u00e7\u00e3o da Fran\u00e7a, Pol\u00f3nia, Hungria e It\u00e1lia, mas o governo italiano admitiu esta quarta-feira dar luz verde ao acordo, se forem dadas garantias em mat\u00e9ria de normas ambientais e sanit\u00e1rias.<\/p>\n<p>O acordo prev\u00ea a elimina\u00e7\u00e3o gradual, ao longo de 15 anos, de tarifas at\u00e9 91 por cento sobre as exporta\u00e7\u00f5es da UE para o Mercosul, de autom\u00f3veis, vinhos, entre outros produtos.<b>Em contrapartida, a UE ir\u00e1 eliminar gradualmente, ao longo de 10 anos, as tarifas at\u00e9 92 por cento sobre as exporta\u00e7\u00f5es da Mercosul, sobretudo de produtos agr\u00edcolas, algo que preocupa os agricultores, que acusam o acordo de permitir importa\u00e7\u00e3o barata de produtos do Mercosul que n\u00e3o respeitem as normas ambientais e de seguran\u00e7a alimentar da Uni\u00e3o Europeia.<\/b><\/p>\n<p>A proibi\u00e7\u00e3o do uso de pesticidas \u00e9 um ponto sens\u00edvel, com a Fran\u00e7a a exigir reciprocidade das normas de produ\u00e7\u00e3o por parte da Mercosul, devido ao elevado pre\u00e7o dos fertilizantes para os agricultores.<\/p>\n<p>No entanto, a UE defende o acordo como uma alternativa \u00e0 depend\u00eancia face \u00e0 China e uma poupan\u00e7a de cerca de quatro mil milh\u00f5es de euros em tarifas.<\/p>\n<p>Na quarta-feira, os ministros da Agricultura da UE foram chamados a Bruxelas para uma reuni\u00e3o extraordin\u00e1ria para discutir os \u00faltimos pontos do acordo, com promessa de pagamentos aos agricultores europeus no pr\u00f3ximo or\u00e7amento comunit\u00e1rio, de acordo com fontes da UE. <b>Este pagamento serviria para atenuar o impacto da proposta redu\u00e7\u00e3o da Pol\u00edtica Agr\u00edcola Comum (PAC)<\/b>.<\/p>\n<p>Na sexta-feira, o COREPER (Comit\u00e9 os Representantes Permanentes, \u00f3rg\u00e3o preparat\u00f3rio do Conselho da UE) ir\u00e1 reunir para a vota\u00e7\u00e3o final do acordo. Ursula Von der Leyen est\u00e1 confiante que ir\u00e1 conseguir os votos necess\u00e1rios para a aprova\u00e7\u00e3o e espera estar no Paraguai no dia 12 de janeiro para fechar o acordo.&#13;\n            <\/p>\n","protected":false},"excerpt":{"rendered":"Apesar do bloqueio policial \u00e0 entrada dos agricultores no cora\u00e7\u00e3o da capital, os manifestantes chegaram esta madrugada a&hellip;\n","protected":false},"author":2,"featured_media":220559,"comment_status":"","ping_status":"","sticky":false,"template":"","format":"standard","meta":{"footnotes":""},"categories":[50],"tags":[38827,27,28,15,16,208,14,25,26,21,22,4622,62,12,13,19,20,2458,23,24,4256,17,18,42702,29,30,31,636,63,64,65],"class_list":{"0":"post-220558","1":"post","2":"type-post","3":"status-publish","4":"format-standard","5":"has-post-thumbnail","7":"category-mundo","8":"tag-agricultores","9":"tag-breaking-news","10":"tag-breakingnews","11":"tag-featured-news","12":"tag-featurednews","13":"tag-franca","14":"tag-headlines","15":"tag-latest-news","16":"tag-latestnews","17":"tag-main-news","18":"tag-mainnews","19":"tag-mercosul","20":"tag-mundo","21":"tag-news","22":"tag-noticias","23":"tag-noticias-principais","24":"tag-noticiasprincipais","25":"tag-paris","26":"tag-principais-noticias","27":"tag-principaisnoticias","28":"tag-protestos","29":"tag-top-stories","30":"tag-topstories","31":"tag-tratores","32":"tag-ultimas","33":"tag-ultimas-noticias","34":"tag-ultimasnoticias","35":"tag-uniao-europeia","36":"tag-world","37":"tag-world-news","38":"tag-worldnews"},"share_on_mastodon":{"url":"https:\/\/pubeurope.com\/@pt\/115859698760953927","error":""},"_links":{"self":[{"href":"https:\/\/www.europesays.com\/pt\/wp-json\/wp\/v2\/posts\/220558","targetHints":{"allow":["GET"]}}],"collection":[{"href":"https:\/\/www.europesays.com\/pt\/wp-json\/wp\/v2\/posts"}],"about":[{"href":"https:\/\/www.europesays.com\/pt\/wp-json\/wp\/v2\/types\/post"}],"author":[{"embeddable":true,"href":"https:\/\/www.europesays.com\/pt\/wp-json\/wp\/v2\/users\/2"}],"replies":[{"embeddable":true,"href":"https:\/\/www.europesays.com\/pt\/wp-json\/wp\/v2\/comments?post=220558"}],"version-history":[{"count":0,"href":"https:\/\/www.europesays.com\/pt\/wp-json\/wp\/v2\/posts\/220558\/revisions"}],"wp:featuredmedia":[{"embeddable":true,"href":"https:\/\/www.europesays.com\/pt\/wp-json\/wp\/v2\/media\/220559"}],"wp:attachment":[{"href":"https:\/\/www.europesays.com\/pt\/wp-json\/wp\/v2\/media?parent=220558"}],"wp:term":[{"taxonomy":"category","embeddable":true,"href":"https:\/\/www.europesays.com\/pt\/wp-json\/wp\/v2\/categories?post=220558"},{"taxonomy":"post_tag","embeddable":true,"href":"https:\/\/www.europesays.com\/pt\/wp-json\/wp\/v2\/tags?post=220558"}],"curies":[{"name":"wp","href":"https:\/\/api.w.org\/{rel}","templated":true}]}}