{"id":220562,"date":"2026-01-08T13:25:34","date_gmt":"2026-01-08T13:25:34","guid":{"rendered":"https:\/\/www.europesays.com\/pt\/220562\/"},"modified":"2026-01-08T13:25:34","modified_gmt":"2026-01-08T13:25:34","slug":"multinacional-francesa-suspeita-que-executivo-portugues-desviou-dois-milhoes-de-euros-e-se-apoderou-de-17-carros-de-luxo","status":"publish","type":"post","link":"https:\/\/www.europesays.com\/pt\/220562\/","title":{"rendered":"Multinacional francesa suspeita que executivo portugu\u00eas desviou dois milh\u00f5es de euros e se apoderou de 17 carros de luxo"},"content":{"rendered":"<p>A multinacional francesa L\u00f9kla Groupe avan\u00e7ou com uma queixa-crime no Departamento de Investiga\u00e7\u00e3o e A\u00e7\u00e3o Penal (DIAP) de Lisboa contra um executivo que gere a sucursal portuguesa desta empresa da \u00e1rea da consultoria e programa\u00e7\u00e3o inform\u00e1tica.<\/p>\n<p><a href=\"https:\/\/expresso.pt\/subscrever?action=GEN&amp;channel=BAF&amp;type=CAP&amp;source=WEB&amp;returnUrl=https:\/\/expresso.pt\/sociedade\/justica\/2026-01-06-multinacional-francesa-suspeita-que-executivo-portugues-desviou-dois-milhoes-de-euros-e-se-apoderou-de-17-carros-de-luxo-38d1638e?brid=ru95vh_8priu64tiuxss-g&amp;utm_source=expresso&amp;utm_medium=locked_article&amp;locked=true&amp;article_id=7ccdb3ba-4019-4f41-9095-53d201826779&amp;author_id=Hugo+Franco&amp;category=Justi\u00e7a\" target=\"_self\" class=\"\" rel=\"nofollow noopener\">Subscrever<\/a>J\u00e1 \u00e9 Subscritor?Fa\u00e7a login e continue a ler<a href=\"http:\/\/expresso.pt\/codigo?redirectUrl=https:\/\/expresso.pt\/sociedade\/justica\/2026-01-06-multinacional-francesa-suspeita-que-executivo-portugues-desviou-dois-milhoes-de-euros-e-se-apoderou-de-17-carros-de-luxo-38d1638e?brid=ru95vh_8priu64tiuxss-g\" target=\"_self\" class=\"\" rel=\"nofollow noopener\">Inserir C\u00f3digo<\/a>Comprou o Expresso?Insira o c\u00f3digo presente na Revista E para continuar a ler<\/p>\n","protected":false},"excerpt":{"rendered":"A multinacional francesa L\u00f9kla Groupe avan\u00e7ou com uma queixa-crime no Departamento de Investiga\u00e7\u00e3o e A\u00e7\u00e3o Penal (DIAP) de&hellip;\n","protected":false},"author":2,"featured_media":220563,"comment_status":"","ping_status":"","sticky":false,"template":"","format":"standard","meta":{"footnotes":""},"categories":[8],"tags":[27,28,15,16,14,25,26,21,22,12,13,19,20,32,23,24,33,17,18,29,30,31],"class_list":{"0":"post-220562","1":"post","2":"type-post","3":"status-publish","4":"format-standard","5":"has-post-thumbnail","7":"category-principais-noticias","8":"tag-breaking-news","9":"tag-breakingnews","10":"tag-featured-news","11":"tag-featurednews","12":"tag-headlines","13":"tag-latest-news","14":"tag-latestnews","15":"tag-main-news","16":"tag-mainnews","17":"tag-news","18":"tag-noticias","19":"tag-noticias-principais","20":"tag-noticiasprincipais","21":"tag-portugal","22":"tag-principais-noticias","23":"tag-principaisnoticias","24":"tag-pt","25":"tag-top-stories","26":"tag-topstories","27":"tag-ultimas","28":"tag-ultimas-noticias","29":"tag-ultimasnoticias"},"share_on_mastodon":{"url":"https:\/\/pubeurope.com\/@pt\/115859706688632018","error":""},"_links":{"self":[{"href":"https:\/\/www.europesays.com\/pt\/wp-json\/wp\/v2\/posts\/220562","targetHints":{"allow":["GET"]}}],"collection":[{"href":"https:\/\/www.europesays.com\/pt\/wp-json\/wp\/v2\/posts"}],"about":[{"href":"https:\/\/www.europesays.com\/pt\/wp-json\/wp\/v2\/types\/post"}],"author":[{"embeddable":true,"href":"https:\/\/www.europesays.com\/pt\/wp-json\/wp\/v2\/users\/2"}],"replies":[{"embeddable":true,"href":"https:\/\/www.europesays.com\/pt\/wp-json\/wp\/v2\/comments?post=220562"}],"version-history":[{"count":0,"href":"https:\/\/www.europesays.com\/pt\/wp-json\/wp\/v2\/posts\/220562\/revisions"}],"wp:featuredmedia":[{"embeddable":true,"href":"https:\/\/www.europesays.com\/pt\/wp-json\/wp\/v2\/media\/220563"}],"wp:attachment":[{"href":"https:\/\/www.europesays.com\/pt\/wp-json\/wp\/v2\/media?parent=220562"}],"wp:term":[{"taxonomy":"category","embeddable":true,"href":"https:\/\/www.europesays.com\/pt\/wp-json\/wp\/v2\/categories?post=220562"},{"taxonomy":"post_tag","embeddable":true,"href":"https:\/\/www.europesays.com\/pt\/wp-json\/wp\/v2\/tags?post=220562"}],"curies":[{"name":"wp","href":"https:\/\/api.w.org\/{rel}","templated":true}]}}