{"id":220566,"date":"2026-01-08T13:29:08","date_gmt":"2026-01-08T13:29:08","guid":{"rendered":"https:\/\/www.europesays.com\/pt\/220566\/"},"modified":"2026-01-08T13:29:08","modified_gmt":"2026-01-08T13:29:08","slug":"sera-uma-das-melhores-de-sempre","status":"publish","type":"post","link":"https:\/\/www.europesays.com\/pt\/220566\/","title":{"rendered":"\u201cSer\u00e1 uma das melhores de sempre&#8221;"},"content":{"rendered":"<p dir=\"ltr\">A nova temporada do \u201cGot Talent Portugal\u201d estreia-se a 11 de janeiro na RTP1. \u201cO programa vai voltar a reunir toda a fam\u00edlia para assistir ao talento e paix\u00e3o de muitos candidatos que v\u00e3o brilhar neste palco \u00fanico\u201d, frisa o canal.<\/p>\n<p dir=\"ltr\">Filomena Cautela, In\u00eas Aires Pereira, Manuel Moura dos Santos e Rui Massena s\u00e3o os jurados da nova temporada.<\/p>\n<p dir=\"ltr\">Em comunicado, Filomena Cautela revela que \u201centrou nesta temporada com expectativas baixas\u201d: \u201c10 temporadas incr\u00edveis de \u2018Got Talent Portugal\u2019? Como \u00e9 que ainda existe talento num pa\u00eds t\u00e3o pequeno como o nosso? Percebemos rapidamente que temos um pa\u00eds surpreendente, meus amigos\u201d.<\/p>\n<p dir=\"ltr\">&#8220;Uma temporada extraordin\u00e1ria em que ser\u00e1 virtualmente imposs\u00edvel escolher um vencedor. Orgulho na diversidade de talento nacional, nos nossos imigrantes, temos muita sorte, malta. N\u00e3o percam a d\u00e9cima temporada do maior concurso de talentos em Portugal, garanto que vos vamos surpreender\u201d, frisa a jurada.<\/p>\n<p dir=\"ltr\">Tamb\u00e9m Manuel Moura dos Santos confessa estar entusiasmado com a nova temporada do \u201cGot Talent\u201d: \u201cSer\u00e1 uma das melhores de sempre. O talento selecionado \u00e9 de alta qualidade e a capacidade do entertainment portugu\u00eas gerar talento \u00e9 not\u00e1vel\u201d.<\/p>\n<p dir=\"ltr\">Quero ser surpreendido por atua\u00e7\u00f5es muito bem preparadas: t\u00e9cnica s\u00f3lida, controlo e emo\u00e7\u00e3o\u201d, acrescenta Rui Massena. \u201cGostava de ver mais artistas que estudam e vivem a performance a partilhar esse trabalho no \u2018Got Talent Portugal\u2019. Espero uma edi\u00e7\u00e3o com o melhor das artes performativas: concorrentes com coragem, consist\u00eancia e robustez art\u00edstica\u201d, conta o m\u00fasico.<\/p>\n<p dir=\"ltr\">J\u00e1 In\u00eas Aires Pereira garante que o \u201cGot Talent\u201d vai continuar a surpreender. \u201cAcho que temos um programa incr\u00edvel e cheio de talento! Arrisco-me a dizer que supera o do ano passado. Vai ser divertido e muito portugu\u00eas! N\u00e3o percam\u201d, remata.<\/p>\n<p dir=\"ltr\">Com o regresso do programa, S\u00edlvia Alberto est\u00e1 de volta tamb\u00e9m \u00e0s noites de domingo da RTP1. \u201cO \u2018Got Talent Portugal\u2019 regressa num momento em que precisamos mais de pessoas reais a fazer coisas extraordin\u00e1rias, n\u00e3o perfeitas, mas sim extraordin\u00e1rias. O programa nunca foi apenas sobre talento\u201d, destaca a apresentadora.<\/p>\n<p dir=\"ltr\">\u201c\u00c9 sobre coragem, insist\u00eancia, fragilidade e surpresa. Sobre pessoas comuns que decidem expor aquilo que sabem fazer melhor, mesmo sem garantias. Nesta nova temporada, o Got Talent volta a ser um lugar de encontros entre gera\u00e7\u00f5es, talentos, estilos, hist\u00f3rias e formas muito diferentes de estar em palco e na vida. \u00c9 televis\u00e3o com um lado profundamente humano e isso, aos dias de hoje, faz ainda mais sentido\u201d, acrescenta.<\/p>\n<p>\u00a0<\/p>\n","protected":false},"excerpt":{"rendered":"A nova temporada do \u201cGot Talent Portugal\u201d estreia-se a 11 de janeiro na RTP1. \u201cO programa vai voltar&hellip;\n","protected":false},"author":2,"featured_media":220567,"comment_status":"","ping_status":"","sticky":false,"template":"","format":"standard","meta":{"footnotes":""},"categories":[142],"tags":[114,115,32,33,151],"class_list":{"0":"post-220566","1":"post","2":"type-post","3":"status-publish","4":"format-standard","5":"has-post-thumbnail","7":"category-tv","8":"tag-entertainment","9":"tag-entretenimento","10":"tag-portugal","11":"tag-pt","12":"tag-tv"},"share_on_mastodon":{"url":"https:\/\/pubeurope.com\/@pt\/115859722209372855","error":""},"_links":{"self":[{"href":"https:\/\/www.europesays.com\/pt\/wp-json\/wp\/v2\/posts\/220566","targetHints":{"allow":["GET"]}}],"collection":[{"href":"https:\/\/www.europesays.com\/pt\/wp-json\/wp\/v2\/posts"}],"about":[{"href":"https:\/\/www.europesays.com\/pt\/wp-json\/wp\/v2\/types\/post"}],"author":[{"embeddable":true,"href":"https:\/\/www.europesays.com\/pt\/wp-json\/wp\/v2\/users\/2"}],"replies":[{"embeddable":true,"href":"https:\/\/www.europesays.com\/pt\/wp-json\/wp\/v2\/comments?post=220566"}],"version-history":[{"count":0,"href":"https:\/\/www.europesays.com\/pt\/wp-json\/wp\/v2\/posts\/220566\/revisions"}],"wp:featuredmedia":[{"embeddable":true,"href":"https:\/\/www.europesays.com\/pt\/wp-json\/wp\/v2\/media\/220567"}],"wp:attachment":[{"href":"https:\/\/www.europesays.com\/pt\/wp-json\/wp\/v2\/media?parent=220566"}],"wp:term":[{"taxonomy":"category","embeddable":true,"href":"https:\/\/www.europesays.com\/pt\/wp-json\/wp\/v2\/categories?post=220566"},{"taxonomy":"post_tag","embeddable":true,"href":"https:\/\/www.europesays.com\/pt\/wp-json\/wp\/v2\/tags?post=220566"}],"curies":[{"name":"wp","href":"https:\/\/api.w.org\/{rel}","templated":true}]}}