{"id":220571,"date":"2026-01-08T13:34:17","date_gmt":"2026-01-08T13:34:17","guid":{"rendered":"https:\/\/www.europesays.com\/pt\/220571\/"},"modified":"2026-01-08T13:34:17","modified_gmt":"2026-01-08T13:34:17","slug":"os-5-melhores-champos-para-a-queda-de-cabelo-produtos","status":"publish","type":"post","link":"https:\/\/www.europesays.com\/pt\/220571\/","title":{"rendered":"Os 5 melhores champ\u00f4s para a queda de cabelo &#8211; Produtos"},"content":{"rendered":"<p class=\"\">&#13;<br \/>\n        Acreditamos que falamos por muitas mulheres (e homens) quando dizemos que<b> um dos maiores medos \u00e9 perder o cabelo.<\/b> N\u00e3o \u00e9 apenas uma quest\u00e3o de vaidade &#8211; e mesmo que fosse -, \u00e9 algo diretamente <a href=\"https:\/\/www.maxima.pt\/beleza\/wellness\/detalhe\/as-bebidas-alcoolicas-que-fazem-menos-mal-este-e-o-manual-para-sobreviver-a-manha-seguinte\" target=\"_self\" rel=\"tag nofollow noopener\">ligado ao nosso bem-estar<\/a>. Nos \u00faltimos tempos, esta preocupa\u00e7\u00e3o com o cabelo e com o couro cabeludo &#8211; porque, sejamos honestas, \u00e9 a\u00ed que tudo come\u00e7a &#8211; tem vindo a aumentar, tal como a quantidade de produtos dispon\u00edveis para ajudar a combater a queda.&#13;\n    <\/p>\n<p class=\"\">&#13;<br \/>\n        Tudo come\u00e7a no banho, com a lavagem, que deve ajudar a desobstruir os poros do couro cabeludo e a criar um ambiente mais favor\u00e1vel ao crescimento capilar. Reunimos alguns champ\u00f4s que test\u00e1mos e que provaram funcionar no seu melhor.&#13;\n    <\/p>\n<p>&#13;<br \/>\n    &#13;<\/p>\n<p class=\"\">&#13;<br \/>\n        <b data-olk-copy-source=\"MailCompose\">K\u00e9rastase: Bain Hydra-Fortifiant \u2013 Champ\u00f4 Antiqueda Fortificante\u00a0<\/b>(\u20ac35,25 na Perfumes &amp; Companhia)&#13;\n    <\/p>\n<p class=\"\">&#13;<br \/>\n        Champ\u00f4 fortificante para cabelos normais a oleosos, enfraquecidos e propensos \u00e0 quebra. Limpa eficazmente o couro cabeludo, reduz a oleosidade e fortalece a fibra capilar. A f\u00f3rmula combina c\u00e9lulas de edelvaisse  e raiz de gengibre, conhecidas pelas propriedades antioxidantes e estimulantes, ajudando a minimizar a queda e a promover um ambiente saud\u00e1vel para o crescimento.&#13;\n    <\/p>\n<p>            &#13;<br \/>\n                <img decoding=\"async\" class=\"img-fluid\" src=\"https:\/\/www.europesays.com\/pt\/wp-content\/uploads\/2026\/01\/img_660x1200uu2026-01-06-17-40-10-468362.png\" alt=\"\"\/>&#13;<br \/>\n                &#13;<br \/>\n                    K\u00e9rastase: Bain Hydra-Fortifiant \u2013 Champ\u00f4 Antiqueda Fortificante (\u20ac35,25 na Perfumes &amp; Companhia)&#13;<br \/>\n                    Foto: <strong>DR<\/strong>&#13;<br \/>\n                &#13;<\/p>\n<p class=\"\">&#13;<br \/>\n        <b>Klorane: Quinina Champ\u00f4 Fortificante &amp; Estimulante\u00a0<\/b>(\u20ac13,13 na Wells)&#13;\n    <\/p>\n<p class=\"\">&#13;<br \/>\n        Com uma f\u00f3rmula enriquecida com vitaminas do complexo B, extrato de quinquina e edelvaisse\u00a0org\u00e2nico, limpa o cabelo enquanto estimula o crescimento. Pode ser usado isoladamente ou como complemento de tratamentos antiqueda. A combina\u00e7\u00e3o de quinquina, vitaminas B e edelvaisse bio ajuda a devolver for\u00e7a, resist\u00eancia e vitalidade ao cabelo desvitalizado.&#13;\n    <\/p>\n<p>            &#13;<br \/>\n                <img decoding=\"async\" class=\"img-fluid\" src=\"https:\/\/www.europesays.com\/pt\/wp-content\/uploads\/2026\/01\/img_660x1200uu2026-01-06-17-41-26-468363.png\" alt=\"\"\/>&#13;<br \/>\n                &#13;<br \/>\n                    Klorane: Quinina Champ\u00f4 Fortificante &amp; Estimulante (\u20ac13,13 na Wells)&#13;<br \/>\n                    Foto: <strong>DR<\/strong>&#13;<br \/>\n                &#13;<\/p>\n<p class=\"\">&#13;<br \/>\n        <b data-empty=\"false\">L\u2019Or\u00e9al Paris: Elvive Growth Booster\u00a0<\/b>(\u20ac9,96 no Continente)&#13;\n    <\/p>\n<p class=\"\">&#13;<br \/>\n        A f\u00f3rmula com 1,8% de Complexo Growth &amp; Strength com Aminexil-R refor\u00e7a a fibra capilar e ajuda a prolongar o ciclo de vida do cabelo. Promete diminuir a queda e minimiza a quebra. Desenvolvido para cabelos propensos \u00e0 queda e fragilidade, este champ\u00f4 sem sulfatos limpa, deixando o cabelo mais forte e com um aspeto saud\u00e1vel.&#13;\n    <\/p>\n<p>            &#13;<br \/>\n                <img decoding=\"async\" class=\"img-fluid\" src=\"https:\/\/www.europesays.com\/pt\/wp-content\/uploads\/2026\/01\/img_660x1200uu2026-01-06-17-42-05-468364.png\" alt=\"\"\/>&#13;<br \/>\n                &#13;<br \/>\n                    L\u2019Or\u00e9al Paris: Elvive Growth Booster (\u20ac9,96 no Continente)&#13;<br \/>\n                    Foto: <strong>DR<\/strong>&#13;<br \/>\n                &#13;<\/p>\n<p class=\"\">&#13;<br \/>\n        <b>Dercos: Champ\u00f4 Energizante\u00a0<\/b>(\u20ac17,32 na Wells)&#13;\n    <\/p>\n<p class=\"\">&#13;<br \/>\n        O complemento ideal para tratamentos antiqueda com Aminexil. Este champ\u00f4 purificante e delicado atua na raiz do problema, ajudando a reduzir a queda de cabelo causada pela quebra. Limpa o couro cabeludo sem agredir e contribui para fios mais resistentes.&#13;\n    <\/p>\n<p>            &#13;<br \/>\n                <img decoding=\"async\" class=\"img-fluid\" src=\"https:\/\/www.europesays.com\/pt\/wp-content\/uploads\/2026\/01\/img_660x1200uu2026-01-06-17-42-36-468365.png\" alt=\"\"\/>&#13;<br \/>\n                &#13;<br \/>\n                    Champ\u00f4 estimulante Dercos Technique para tratamento anti-queda&#13;<br \/>\n                    Foto: <strong>DR<\/strong>&#13;<br \/>\n                &#13;<\/p>\n<p class=\"\">&#13;<br \/>\n        <b>ISDIN: Shampoo Antiqueda\u00a0<\/b>(\u20ac13,40 na Perfumes &amp; Companhia)&#13;\n    <\/p>\n<p class=\"\">&#13;<br \/>\n        A f\u00f3rmula do Lambdapil Champ\u00f4 Antiqueda cont\u00e9m ingredientes que ajudam a aumentar a densidade capilar, proporcionando for\u00e7a e vigor ao cabelo e conferindo-lhe um aspeto mais saud\u00e1vel. O complexo de amino\u00e1cidos e os ativos espec\u00edficos promovem o crescimento de novos cabelos e ajudam a prevenir a queda, melhorando a estrutura e a espessura da fibra capilar.&#13;\n    <\/p>\n<p>            &#13;<br \/>\n                <img decoding=\"async\" class=\"img-fluid\" src=\"https:\/\/www.europesays.com\/pt\/wp-content\/uploads\/2026\/01\/img_660x1200uu2026-01-06-17-43-00-468366.png\" alt=\"\"\/>&#13;<br \/>\n                &#13;<br \/>\n                    ISDIN: Shampoo Antiqueda (\u20ac13,40 na Perfumes &amp; Companhia)&#13;<br \/>\n                    Foto: <strong>DR<\/strong>&#13;<br \/>\n                &#13;<\/p>\n<p>    &#13;<br \/>\n        &#13;<br \/>\n            &#13;<br \/>\n        &#13;<br \/>\n        &#13;<br \/>\n            &#13;<br \/>\n                    <a title=\"\" href=\"https:\/\/www.maxima.pt\/atual\/detalhe\/solteira-sem-filhos-e-com-um-namorado-15-anos-mais-novo-o-perfil-de-delcy-rodriguez\" rel=\"nofollow noopener\" target=\"_blank\">&#13;<br \/>\n                        <img decoding=\"async\" src=\"https:\/\/www.europesays.com\/pt\/wp-content\/uploads\/2026\/01\/img_552x364uu2026-01-05-13-25-41-468340.jpg\" alt=\"Noticia Seguinte\"\/>&#13;<br \/>\n                    <\/a>&#13;<br \/>\n            &#13;<br \/>\n            &#13;<br \/>\n        &#13;<\/p>\n","protected":false},"excerpt":{"rendered":"&#13; Acreditamos que falamos por muitas mulheres (e homens) quando dizemos que um dos maiores medos \u00e9 perder&hellip;\n","protected":false},"author":2,"featured_media":220572,"comment_status":"","ping_status":"","sticky":false,"template":"","format":"standard","meta":{"footnotes":""},"categories":[85],"tags":[114,115,32,2334,33],"class_list":{"0":"post-220571","1":"post","2":"type-post","3":"status-publish","4":"format-standard","5":"has-post-thumbnail","7":"category-entretenimento","8":"tag-entertainment","9":"tag-entretenimento","10":"tag-portugal","11":"tag-produtividade","12":"tag-pt"},"share_on_mastodon":{"url":"https:\/\/pubeurope.com\/@pt\/115859742545532747","error":""},"_links":{"self":[{"href":"https:\/\/www.europesays.com\/pt\/wp-json\/wp\/v2\/posts\/220571","targetHints":{"allow":["GET"]}}],"collection":[{"href":"https:\/\/www.europesays.com\/pt\/wp-json\/wp\/v2\/posts"}],"about":[{"href":"https:\/\/www.europesays.com\/pt\/wp-json\/wp\/v2\/types\/post"}],"author":[{"embeddable":true,"href":"https:\/\/www.europesays.com\/pt\/wp-json\/wp\/v2\/users\/2"}],"replies":[{"embeddable":true,"href":"https:\/\/www.europesays.com\/pt\/wp-json\/wp\/v2\/comments?post=220571"}],"version-history":[{"count":0,"href":"https:\/\/www.europesays.com\/pt\/wp-json\/wp\/v2\/posts\/220571\/revisions"}],"wp:featuredmedia":[{"embeddable":true,"href":"https:\/\/www.europesays.com\/pt\/wp-json\/wp\/v2\/media\/220572"}],"wp:attachment":[{"href":"https:\/\/www.europesays.com\/pt\/wp-json\/wp\/v2\/media?parent=220571"}],"wp:term":[{"taxonomy":"category","embeddable":true,"href":"https:\/\/www.europesays.com\/pt\/wp-json\/wp\/v2\/categories?post=220571"},{"taxonomy":"post_tag","embeddable":true,"href":"https:\/\/www.europesays.com\/pt\/wp-json\/wp\/v2\/tags?post=220571"}],"curies":[{"name":"wp","href":"https:\/\/api.w.org\/{rel}","templated":true}]}}