{"id":220603,"date":"2026-01-08T14:04:12","date_gmt":"2026-01-08T14:04:12","guid":{"rendered":"https:\/\/www.europesays.com\/pt\/220603\/"},"modified":"2026-01-08T14:04:12","modified_gmt":"2026-01-08T14:04:12","slug":"deco-confirma-chegada-de-internacional-portugues-ao-barcelona-vamos-fechar-o-negocio","status":"publish","type":"post","link":"https:\/\/www.europesays.com\/pt\/220603\/","title":{"rendered":"Deco confirma chegada de internacional portugu\u00eas ao Barcelona: \u00abVamos fechar o neg\u00f3cio\u00bb"},"content":{"rendered":"<p>&#8211; Advertisement &#8211;<\/p>\n<p><strong>Deco confirmou a chegada iminente de Jo\u00e3o Cancelo ao Barcelona. Diretor desportivo blaugrana garantiu que est\u00e1 quase.<\/strong><\/p>\n<p>Jo\u00e3o Cancelo j\u00e1 n\u00e3o escapa ao Barcelona e falta pouco mais que os exames m\u00e9dicos para o lateral regressar ao clube. Quem o confirmou foi Deco, diretor desportivo dos cul\u00e9s, antes da meia-final da Superta\u00e7a de Espanha. <\/p>\n<p>\u00abEstamos a finalizar. Ele ainda n\u00e3o fez os exames m\u00e9dicos, mas em breve voar\u00e1 para\u00a0Barcelona. Vamos fechar o neg\u00f3cio\u00bb, confirmou Deco.<\/p>\n<p>Recorde-se que Hansi Flick, treinador do Barcelona, <a href=\"https:\/\/bolanarede.pt\/especial-bola-na-rede\/atualidade\/hansi-flick-e-a-chegada-de-joao-cancelo-ao-barcelona-ainda-nao-esta-fechado-mas-ficaria-contente-se-se-concretizasse\/\" target=\"_blank\" rel=\"noreferrer noopener nofollow\">tamb\u00e9m j\u00e1 confirmou a imin\u00eancia do neg\u00f3cio<\/a>. O jogador vai chegar ao clube espanhol por<a href=\"https:\/\/bolanarede.pt\/especial-bola-na-rede\/atualidade\/joao-cancelo-deixa-a-arabia-saudita-e-regressa-ao-barcelona-por-emprestimo\/\" target=\"_blank\" rel=\"noreferrer noopener nofollow\"> empr\u00e9stimo do Al Hilal <\/a>at\u00e9 ao final da \u00e9poca, naquela que ser\u00e1 a segunda passagem do defesa pelos catal\u00e3es. <\/p>\n<p>Jo\u00e3o Cancelo representou o Barcelona em 2023\/24, \u00e0 data por empr\u00e9stimo do Manchester City. Numa \u00e9poca, o defesa somou quatro golos e cinco assist\u00eancias em 42 jogos pelos\u00a0cul\u00e9s.\u00a0<\/p>\n<p><img fetchpriority=\"high\" decoding=\"async\" width=\"1024\" height=\"683\" src=\"data:image\/svg+xml,%3Csvg%20xmlns=\" http:=\"\" alt=\"Jo\u00e3o Cancelo FC Barcelona\" class=\"wp-image-251539 ewww_webp_lazy_load\" data-lazy- data-lazy- data-lazy-src=\"https:\/\/www.europesays.com\/pt\/wp-content\/uploads\/2026\/01\/Joao-Cancelo-FC-Barcelona-1024x683.jpeg\" data-lazy-src-webp=\"https:\/\/www.europesays.com\/pt\/wp-content\/uploads\/2026\/01\/Joao-Cancelo-FC-Barcelona-1024x683.jpeg.webp\" data-lazy-srcset-webp=\"https:\/\/www.europesays.com\/pt\/wp-content\/uploads\/2026\/01\/Joao-Cancelo-FC-Barcelona-1024x683.jpeg.webp 1024w, https:\/\/binny-bolanarede.b-cdn.net\/wp-content\/uploads\/2023\/09\/Joao-Cancelo-FC-Barcelona-300x200.jpeg.webp 300w, https:\/\/binny-bolanarede.b-cdn.net\/wp-content\/uploads\/2023\/09\/Joao-Cancelo-FC-Barcelona-768x512.jpeg.webp 768w, https:\/\/binny-bolanarede.b-cdn.net\/wp-content\/uploads\/2023\/09\/Joao-Cancelo-FC-Barcelona-1536x1024.jpeg.webp 1536w, https:\/\/binny-bolanarede.b-cdn.net\/wp-content\/uploads\/2023\/09\/Joao-Cancelo-FC-Barcelona-150x100.jpeg.webp 150w, https:\/\/binny-bolanarede.b-cdn.net\/wp-content\/uploads\/2023\/09\/Joao-Cancelo-FC-Barcelona-696x464.jpeg.webp 696w, https:\/\/binny-bolanarede.b-cdn.net\/wp-content\/uploads\/2023\/09\/Joao-Cancelo-FC-Barcelona-1068x712.jpeg.webp 1068w, https:\/\/binny-bolanarede.b-cdn.net\/wp-content\/uploads\/2023\/09\/Joao-Cancelo-FC-Barcelona.jpeg.webp 1920w\"\/>Fonte: FC Barcelona<\/p>\n","protected":false},"excerpt":{"rendered":"&#8211; Advertisement &#8211; Deco confirmou a chegada iminente de Jo\u00e3o Cancelo ao Barcelona. Diretor desportivo blaugrana garantiu que&hellip;\n","protected":false},"author":2,"featured_media":220604,"comment_status":"","ping_status":"","sticky":false,"template":"","format":"standard","meta":{"footnotes":""},"categories":[87],"tags":[5406,260,1235,5798,135,21168,5705,32,33,134],"class_list":{"0":"post-220603","1":"post","2":"type-post","3":"status-publish","4":"format-standard","5":"has-post-thumbnail","7":"category-desporto","8":"tag-al-hilal","9":"tag-atualidade","10":"tag-barcelona","11":"tag-deco","12":"tag-desporto","13":"tag-joao-cancelo","14":"tag-la-liga","15":"tag-portugal","16":"tag-pt","17":"tag-sports"},"share_on_mastodon":{"url":"https:\/\/pubeurope.com\/@pt\/115859860011219167","error":""},"_links":{"self":[{"href":"https:\/\/www.europesays.com\/pt\/wp-json\/wp\/v2\/posts\/220603","targetHints":{"allow":["GET"]}}],"collection":[{"href":"https:\/\/www.europesays.com\/pt\/wp-json\/wp\/v2\/posts"}],"about":[{"href":"https:\/\/www.europesays.com\/pt\/wp-json\/wp\/v2\/types\/post"}],"author":[{"embeddable":true,"href":"https:\/\/www.europesays.com\/pt\/wp-json\/wp\/v2\/users\/2"}],"replies":[{"embeddable":true,"href":"https:\/\/www.europesays.com\/pt\/wp-json\/wp\/v2\/comments?post=220603"}],"version-history":[{"count":0,"href":"https:\/\/www.europesays.com\/pt\/wp-json\/wp\/v2\/posts\/220603\/revisions"}],"wp:featuredmedia":[{"embeddable":true,"href":"https:\/\/www.europesays.com\/pt\/wp-json\/wp\/v2\/media\/220604"}],"wp:attachment":[{"href":"https:\/\/www.europesays.com\/pt\/wp-json\/wp\/v2\/media?parent=220603"}],"wp:term":[{"taxonomy":"category","embeddable":true,"href":"https:\/\/www.europesays.com\/pt\/wp-json\/wp\/v2\/categories?post=220603"},{"taxonomy":"post_tag","embeddable":true,"href":"https:\/\/www.europesays.com\/pt\/wp-json\/wp\/v2\/tags?post=220603"}],"curies":[{"name":"wp","href":"https:\/\/api.w.org\/{rel}","templated":true}]}}