{"id":220610,"date":"2026-01-08T14:10:07","date_gmt":"2026-01-08T14:10:07","guid":{"rendered":"https:\/\/www.europesays.com\/pt\/220610\/"},"modified":"2026-01-08T14:10:07","modified_gmt":"2026-01-08T14:10:07","slug":"incendio-pacos-de-ferreira-fogo-deixou-111-pessoas-desalojadas","status":"publish","type":"post","link":"https:\/\/www.europesays.com\/pt\/220610\/","title":{"rendered":"Inc\u00eandio Pa\u00e7os de Ferreira. Fogo deixou 111 pessoas desalojadas"},"content":{"rendered":"<p>O alerta foi dado \u00e0s 22h52 de quarta-feira depois de o inc\u00eandio ter defalgrado na garagem de uma urbaniza\u00e7\u00e3o.<\/p>\n<p>O fogo foi combatido por nove ve\u00edculos e 33 bombeiros. Ficaram queimados dezenas de ve\u00edculos e h\u00e1 111 desalojados &#8211; 14 dos quais foram para um hotel, os restantes foram acolhidos em casa de familiares.&#13;\n<\/p>\n<p>          <img decoding=\"async\" itemprop=\"image\" class=\"img-fluid\"   src=\"https:\/\/www.europesays.com\/pt\/wp-content\/uploads\/2026\/01\/69eb805082cf9f47ae8a74be15ae4256_N.jpg\"\/><\/p>\n<p>Minutos antes de ocorrer o inc\u00eandio, estava a decorrer uma reuni\u00e3o de condom\u00ednio e os respons\u00e1veis estavam fora do pr\u00e9dio a conversar com alguns cond\u00f3minos.<\/p>\n<p>As habita\u00e7\u00f5es foram todas evacuadas, principalmente devido ao fumo. As canaliza\u00e7\u00f5es do edif\u00edcio ficaram totalmente destru\u00eddas, o que vai obrigar os residentes a ficar realojados noutros locais at\u00e9 serem recuperados.<\/p>\n<p>A PJ est\u00e1 no local a investigar a origem do inc\u00eandio.<\/p>\n","protected":false},"excerpt":{"rendered":"O alerta foi dado \u00e0s 22h52 de quarta-feira depois de o inc\u00eandio ter defalgrado na garagem de uma&hellip;\n","protected":false},"author":2,"featured_media":220611,"comment_status":"","ping_status":"","sticky":false,"template":"","format":"standard","meta":{"footnotes":""},"categories":[10],"tags":[27,28,15,16,14,25,26,21,22,12,13,19,20,32,23,24,33,420,421,17,18,29,30,31],"class_list":{"0":"post-220610","1":"post","2":"type-post","3":"status-publish","4":"format-standard","5":"has-post-thumbnail","7":"category-portugal","8":"tag-breaking-news","9":"tag-breakingnews","10":"tag-featured-news","11":"tag-featurednews","12":"tag-headlines","13":"tag-latest-news","14":"tag-latestnews","15":"tag-main-news","16":"tag-mainnews","17":"tag-news","18":"tag-noticias","19":"tag-noticias-principais","20":"tag-noticiasprincipais","21":"tag-portugal","22":"tag-principais-noticias","23":"tag-principaisnoticias","24":"tag-pt","25":"tag-rtp","26":"tag-rtp-noticias","27":"tag-top-stories","28":"tag-topstories","29":"tag-ultimas","30":"tag-ultimas-noticias","31":"tag-ultimasnoticias"},"share_on_mastodon":{"url":"https:\/\/pubeurope.com\/@pt\/115859883884946409","error":""},"_links":{"self":[{"href":"https:\/\/www.europesays.com\/pt\/wp-json\/wp\/v2\/posts\/220610","targetHints":{"allow":["GET"]}}],"collection":[{"href":"https:\/\/www.europesays.com\/pt\/wp-json\/wp\/v2\/posts"}],"about":[{"href":"https:\/\/www.europesays.com\/pt\/wp-json\/wp\/v2\/types\/post"}],"author":[{"embeddable":true,"href":"https:\/\/www.europesays.com\/pt\/wp-json\/wp\/v2\/users\/2"}],"replies":[{"embeddable":true,"href":"https:\/\/www.europesays.com\/pt\/wp-json\/wp\/v2\/comments?post=220610"}],"version-history":[{"count":0,"href":"https:\/\/www.europesays.com\/pt\/wp-json\/wp\/v2\/posts\/220610\/revisions"}],"wp:featuredmedia":[{"embeddable":true,"href":"https:\/\/www.europesays.com\/pt\/wp-json\/wp\/v2\/media\/220611"}],"wp:attachment":[{"href":"https:\/\/www.europesays.com\/pt\/wp-json\/wp\/v2\/media?parent=220610"}],"wp:term":[{"taxonomy":"category","embeddable":true,"href":"https:\/\/www.europesays.com\/pt\/wp-json\/wp\/v2\/categories?post=220610"},{"taxonomy":"post_tag","embeddable":true,"href":"https:\/\/www.europesays.com\/pt\/wp-json\/wp\/v2\/tags?post=220610"}],"curies":[{"name":"wp","href":"https:\/\/api.w.org\/{rel}","templated":true}]}}