{"id":220612,"date":"2026-01-08T14:11:13","date_gmt":"2026-01-08T14:11:13","guid":{"rendered":"https:\/\/www.europesays.com\/pt\/220612\/"},"modified":"2026-01-08T14:11:13","modified_gmt":"2026-01-08T14:11:13","slug":"plantel-do-benfica-dormiu-no-seixal-e-acordou-cedo-para-treinar","status":"publish","type":"post","link":"https:\/\/www.europesays.com\/pt\/220612\/","title":{"rendered":"Plantel do Benfica dormiu no Seixal e acordou cedo para treinar"},"content":{"rendered":"<p>Rui Costa e Jos\u00e9 Mourinho, presidente e treinador do <a class=\"autolink-enabled\" data-resource-id=\"450\" data-resource-type=\"team\" data-sport=\"football\" href=\"https:\/\/www.abola.pt\/futebol\/benfica-450\" rel=\"nofollow noopener\" target=\"_blank\">Benfica<\/a>, respetivamente, garantiram que n\u00e3o se tratou de um castigo, mas o plantel passou a noite no Seixal ap\u00f3s a derrota com o <a class=\"autolink-enabled\" data-resource-id=\"457\" data-resource-type=\"team\" data-sport=\"football\" href=\"https:\/\/www.abola.pt\/futebol\/sc-braga-457\" rel=\"nofollow noopener\" target=\"_blank\">SC Braga<\/a> (1-3) na <a class=\"autolink-enabled\" data-resource-id=\"113\" data-resource-type=\"competition\" data-sport=\"football\" href=\"https:\/\/www.abola.pt\/futebol\/competicao\/allianz-cup-113\" rel=\"nofollow noopener\" target=\"_blank\">Allianz Cup<\/a> e at\u00e9 j\u00e1 trabalhou.<\/p>\n<p>T\u00e9cnico e jogadores acordaram cedo, mesmo ap\u00f3s a viagem tardia de regresso ao Seixal (Benfica ter\u00e1 deixado Leiria bem perto da meia-noite), e Mourinho dirigiu uma sess\u00e3o de trabalho da qual pouco se sabe ainda.<\/p>\n<p>\u00c0 partida para o jogo com o SC Braga era conhecido que Samuel Soares, Bah, Joshua Wynder, Ant\u00f3nio Silva, Barrenechea, Jo\u00e3o Veloso, Nuno F\u00e9lix, Bruma e Lukebakio n\u00e3o reuniam condi\u00e7\u00f5es f\u00edsicas ou cl\u00ednicas para ir a jogo, mas sobre eventual recupera\u00e7\u00e3o e presen\u00e7a de algu\u00e9m em campo esta manh\u00e3 n\u00e3o foi veiculada qualquer informa\u00e7\u00e3o.<\/p>\n<p>O plano do Benfica era, naturalmente, passar \u00e0 final da Allianz Cup e, nesse sentido, estava definido que o plantel passaria a noite no Seixal. A elimina\u00e7\u00e3o n\u00e3o levou \u00e0 altera\u00e7\u00e3o de planos, mesmo sem a final para jogar este s\u00e1bado. A pr\u00f3xima partida \u00e9, pois, com o FC Porto, no Drag\u00e3o, para a Ta\u00e7a de Portugal, quarta-feira.<\/p>\n","protected":false},"excerpt":{"rendered":"Rui Costa e Jos\u00e9 Mourinho, presidente e treinador do Benfica, respetivamente, garantiram que n\u00e3o se tratou de um&hellip;\n","protected":false},"author":2,"featured_media":220613,"comment_status":"","ping_status":"","sticky":false,"template":"","format":"standard","meta":{"footnotes":""},"categories":[8],"tags":[27,28,15,16,14,25,26,21,22,12,13,19,20,32,23,24,33,17,18,29,30,31],"class_list":{"0":"post-220612","1":"post","2":"type-post","3":"status-publish","4":"format-standard","5":"has-post-thumbnail","7":"category-principais-noticias","8":"tag-breaking-news","9":"tag-breakingnews","10":"tag-featured-news","11":"tag-featurednews","12":"tag-headlines","13":"tag-latest-news","14":"tag-latestnews","15":"tag-main-news","16":"tag-mainnews","17":"tag-news","18":"tag-noticias","19":"tag-noticias-principais","20":"tag-noticiasprincipais","21":"tag-portugal","22":"tag-principais-noticias","23":"tag-principaisnoticias","24":"tag-pt","25":"tag-top-stories","26":"tag-topstories","27":"tag-ultimas","28":"tag-ultimas-noticias","29":"tag-ultimasnoticias"},"share_on_mastodon":{"url":"https:\/\/pubeurope.com\/@pt\/115859887795936985","error":""},"_links":{"self":[{"href":"https:\/\/www.europesays.com\/pt\/wp-json\/wp\/v2\/posts\/220612","targetHints":{"allow":["GET"]}}],"collection":[{"href":"https:\/\/www.europesays.com\/pt\/wp-json\/wp\/v2\/posts"}],"about":[{"href":"https:\/\/www.europesays.com\/pt\/wp-json\/wp\/v2\/types\/post"}],"author":[{"embeddable":true,"href":"https:\/\/www.europesays.com\/pt\/wp-json\/wp\/v2\/users\/2"}],"replies":[{"embeddable":true,"href":"https:\/\/www.europesays.com\/pt\/wp-json\/wp\/v2\/comments?post=220612"}],"version-history":[{"count":0,"href":"https:\/\/www.europesays.com\/pt\/wp-json\/wp\/v2\/posts\/220612\/revisions"}],"wp:featuredmedia":[{"embeddable":true,"href":"https:\/\/www.europesays.com\/pt\/wp-json\/wp\/v2\/media\/220613"}],"wp:attachment":[{"href":"https:\/\/www.europesays.com\/pt\/wp-json\/wp\/v2\/media?parent=220612"}],"wp:term":[{"taxonomy":"category","embeddable":true,"href":"https:\/\/www.europesays.com\/pt\/wp-json\/wp\/v2\/categories?post=220612"},{"taxonomy":"post_tag","embeddable":true,"href":"https:\/\/www.europesays.com\/pt\/wp-json\/wp\/v2\/tags?post=220612"}],"curies":[{"name":"wp","href":"https:\/\/api.w.org\/{rel}","templated":true}]}}