{"id":220625,"date":"2026-01-08T14:23:21","date_gmt":"2026-01-08T14:23:21","guid":{"rendered":"https:\/\/www.europesays.com\/pt\/220625\/"},"modified":"2026-01-08T14:23:21","modified_gmt":"2026-01-08T14:23:21","slug":"quer-um-dacia-spring-ev-por-11-990e-como-esta-o-seu-alemao-observador","status":"publish","type":"post","link":"https:\/\/www.europesays.com\/pt\/220625\/","title":{"rendered":"Quer um Dacia Spring EV por 11.990\u20ac? Como est\u00e1 o seu alem\u00e3o? \u2013 Observador"},"content":{"rendered":"<p>O Dacia Spring \u00e9 o ve\u00edculo el\u00e9ctrico mais barato do mercado, proposto por valores a partir de 16.900\u20ac, com o modelo a estar (ainda) mais apelativo desde que usufruiu do mais recente restyling e trocou as anteriores mec\u00e2nicas, pouco potentes, pelas novas com mais m\u00fasculo, melhorando igualmente o comportamento. Mas a melhor novidade para quem pretenda adquirir um dos pequenos Spring \u00e9, sem d\u00favida, uma <strong>forte redu\u00e7\u00e3o do pre\u00e7o<\/strong> de 29%, sendo proposto por <strong>apenas 11.990\u20ac<\/strong>.<\/p>\n<p>                        <img src=\"https:\/\/www.europesays.com\/pt\/wp-content\/uploads\/2026\/01\/dacia-spring-7.jpg\" alt=\"\" loading=\"eager\" decoding=\"async\" width=\"2000\" class=\"\" onload=\"this.parentElement.classList.remove('spinner')\" onerror=\"this.parentElement.classList.remove('spinner')\"\/>                    <\/p>\n<p>                        O interior do renovado Dacia Spring<\/p>\n<p>        5 fotos\n    <\/p>\n<p>Se este pre\u00e7o \u00e9 decididamente convidativo, lamentavelmente n\u00e3o parece estar acess\u00edvel para os condutores portugueses, sendo <strong>exclusivo dos alem\u00e3es<\/strong>, uma vez que, segundo a Dacia, n\u00e3o est\u00e1 prevista de momento uma campanha t\u00e3o agressiva para promover o pequeno citadino el\u00e9ctrico entre n\u00f3s. O mais curioso \u00e9 que este desconto \u201ccanh\u00e3o\u201d n\u00e3o \u00e9 referente aos Spring com as motoriza\u00e7\u00f5es antigas e mais fracas, respectivamente com 45 cv e 65 cv, como as que ainda est\u00e3o \u00e0 venda entre n\u00f3s no site portugu\u00eas da marca. Aplica-se, isso sim, \u00e0s suas substitutas, as novas unidades com 70 cv e 100 cv, de que pode saber mais pormenores no artigo em baixo.<\/p>\n<blockquote class=\"wp-embedded-content\" data-secret=\"1YJGys9Tua\">\n<p><a href=\"https:\/\/observador.pt\/2025\/10\/07\/spring-o-automovel-electrico-mais-barato-do-mercado-ganha-potencia-e-rapidez\/\" rel=\"nofollow noopener\" target=\"_blank\">Spring, o autom\u00f3vel el\u00e9ctrico mais barato do mercado, ganha pot\u00eancia e rapidez<\/a><\/p>\n<\/blockquote>\n<p>A estrat\u00e9gia da Dacia para a Alemanha n\u00e3o visa favorecer os condutores germ\u00e2nicos, face ao resto dos europeus, mas sim <strong>antecipar os incentivos que o pa\u00eds retirou no final de 2023 e que agora ir\u00e1 restabelecer<\/strong> para fomentar a compra de modelos exclusivamente a bateria. Da\u00ed que esta campanha, com desconto de 5000\u20ac sobre o pre\u00e7o das diferentes vers\u00f5es do Spring, seja apenas v\u00e1lida de 1 de Janeiro at\u00e9 28 de Fevereiro e se destine somente a clientes particulares.<\/p>\n","protected":false},"excerpt":{"rendered":"O Dacia Spring \u00e9 o ve\u00edculo el\u00e9ctrico mais barato do mercado, proposto por valores a partir de 16.900\u20ac,&hellip;\n","protected":false},"author":2,"featured_media":220626,"comment_status":"","ping_status":"","sticky":false,"template":"","format":"standard","meta":{"footnotes":""},"categories":[83],"tags":[260,2702,88,494,89,6515,90,551,32,33],"class_list":{"0":"post-220625","1":"post","2":"type-post","3":"status-publish","4":"format-standard","5":"has-post-thumbnail","7":"category-empresas","8":"tag-atualidade","9":"tag-auto","10":"tag-business","11":"tag-dacia","12":"tag-economy","13":"tag-elu00e9tricos","14":"tag-empresas","15":"tag-marcas","16":"tag-portugal","17":"tag-pt"},"share_on_mastodon":{"url":"https:\/\/pubeurope.com\/@pt\/115859934644072129","error":""},"_links":{"self":[{"href":"https:\/\/www.europesays.com\/pt\/wp-json\/wp\/v2\/posts\/220625","targetHints":{"allow":["GET"]}}],"collection":[{"href":"https:\/\/www.europesays.com\/pt\/wp-json\/wp\/v2\/posts"}],"about":[{"href":"https:\/\/www.europesays.com\/pt\/wp-json\/wp\/v2\/types\/post"}],"author":[{"embeddable":true,"href":"https:\/\/www.europesays.com\/pt\/wp-json\/wp\/v2\/users\/2"}],"replies":[{"embeddable":true,"href":"https:\/\/www.europesays.com\/pt\/wp-json\/wp\/v2\/comments?post=220625"}],"version-history":[{"count":0,"href":"https:\/\/www.europesays.com\/pt\/wp-json\/wp\/v2\/posts\/220625\/revisions"}],"wp:featuredmedia":[{"embeddable":true,"href":"https:\/\/www.europesays.com\/pt\/wp-json\/wp\/v2\/media\/220626"}],"wp:attachment":[{"href":"https:\/\/www.europesays.com\/pt\/wp-json\/wp\/v2\/media?parent=220625"}],"wp:term":[{"taxonomy":"category","embeddable":true,"href":"https:\/\/www.europesays.com\/pt\/wp-json\/wp\/v2\/categories?post=220625"},{"taxonomy":"post_tag","embeddable":true,"href":"https:\/\/www.europesays.com\/pt\/wp-json\/wp\/v2\/tags?post=220625"}],"curies":[{"name":"wp","href":"https:\/\/api.w.org\/{rel}","templated":true}]}}