{"id":220629,"date":"2026-01-08T14:26:19","date_gmt":"2026-01-08T14:26:19","guid":{"rendered":"https:\/\/www.europesays.com\/pt\/220629\/"},"modified":"2026-01-08T14:26:19","modified_gmt":"2026-01-08T14:26:19","slug":"transcricao-completa-dos-videos-do-atirador-claudio-valente-observador","status":"publish","type":"post","link":"https:\/\/www.europesays.com\/pt\/220629\/","title":{"rendered":"Transcri\u00e7\u00e3o completa dos v\u00eddeos do atirador Cl\u00e1udio Valente \u2013 Observador"},"content":{"rendered":"<p>O Observador publica aqui a tradu\u00e7\u00e3o integral da transcri\u00e7\u00e3o dos v\u00eddeos gravados por Cl\u00e1udio Neves Valente, o atirador que matou duas pessoas na Universidade de Brown e \u00e9 suspeito do homic\u00eddio do f\u00edsico portugu\u00eas Nuno Loureiro, em dezembro passado. A tradu\u00e7\u00e3o foi efetuada da vers\u00e3o inglesa <a href=\"https:\/\/observador.pt\/2026\/01\/07\/suspeito-da-morte-de-fisico-portugues-e-tiroteio-em-brown-gravou-videos-depois-dos-ataques-que-preparava-ha-muito-tempo\/\" rel=\"nofollow noopener\" target=\"_blank\">divulgada na ter\u00e7a-feira pelo Departamento de Justi\u00e7a<\/a> dos Estados Unidos, feita a partir dos v\u00eddeos originalmente gravados em portugu\u00eas.<\/p>\n<blockquote class=\"wp-embedded-content\" data-secret=\"rwgnlNuWt1\">\n<p><a href=\"https:\/\/observador.pt\/2026\/01\/07\/suspeito-da-morte-de-fisico-portugues-e-tiroteio-em-brown-gravou-videos-depois-dos-ataques-que-preparava-ha-muito-tempo\/\" rel=\"nofollow noopener\" target=\"_blank\">Suspeito da morte de f\u00edsico portugu\u00eas e tiroteio em Brown gravou v\u00eddeos depois dos ataques que preparava \u201ch\u00e1 muito tempo\u201d<\/a><\/p>\n<\/blockquote>\n<p>\u201cOk, como podem ver, o meu olho est\u00e1 meio lixado. O cartucho da bala fez ricochete ali. N\u00e3o sei se isso vai ter implica\u00e7\u00f5es no sucesso do que eu queria fazer ou n\u00e3o\u2026 Hum, est\u00e1 feito. Foram, foram seis meses, meu. N\u00e3o seis meses, seis semestres. Eu j\u00e1 tinha planeado isto at\u00e9 h\u00e1 um pouco mais. Parece que estou a come\u00e7ar a ver um pouco melhor com o meu olho, mas muito pouco ou quase nada. Chegou a hora das conclus\u00f5es finais. Chegou a hora das conclus\u00f5es finais.<\/p>\n<p>Hum, foi tudo um pouco incompetente, mas pelo menos algo foi feito. O \u00fanico objetivo era\u2026 sair mais ou menos nos meus pr\u00f3prios termos, e\u2026 e j\u00e1 est\u00e1\u2026 j\u00e1 foi muito atrasado. E pelo menos deixar que eu n\u00e3o seria\u2026 n\u00e3o seria aquele que acabaria por sofrer mais com tudo isto. N\u00e3o, isso n\u00e3o pode acontecer. Portanto, se n\u00e3o gostas, azar. Azar. Tamb\u00e9m houve muitas merdas de que n\u00e3o gostei e tive de aturar.<\/p>\n<p>Portanto, o que foi feito agora\u2026 Estou num armaz\u00e9m em Salem, tenho isto aqui h\u00e1 tr\u00eas anos, acho eu. Ainda tenho dinheiro. Teria dinheiro para mais alguns bons anos, se fosse em Portugal ou num lugar mais barato ainda daria para mais tempo, mas n\u00e3o me importo. Estou aqui\u2026 Estou aqui h\u00e1 muito tempo sem me importar. Dizer que estava extraordinariamente satisfeito, n\u00e3o, mas tamb\u00e9m n\u00e3o me arrependo do que fiz. Honestamente, o meu \u00fanico arrependimento \u00e9 esta coisa no olho.<\/p>\n<p>Mas foi muito dif\u00edcil, meu. Eu realmente tenho muita\u2026 muita in\u00e9rcia. Mas como quase fui confrontado por um tipo l\u00e1 naquele dia\u2026 n\u00e3o quase, eu fui mesmo confrontado e ele sabia a minha\u2026 a minha\u2026 a minha matr\u00edcula, sinceramente, nunca pensei que demorariam tanto tempo a encontrar-me. Mas olha, eu fiz mais uma, basicamente, j\u00e1 que n\u00e3o tenho a certeza; foi feito a uma dist\u00e2ncia relativamente curta e rapidamente, e n\u00e3o sei exatamente quando fui atingido no olho, por isso n\u00e3o tenho a certeza\u2026 Espero que pelo menos o primeiro tenha acertado. N\u00e3o sei. N\u00e3o me importo. Est\u00e1 tudo acabado. Agora \u00e9 a minha hora de partir, \u00e0 minha maneira. E\u2026 que mais?<\/p>\n<p>N\u00e3o vou pedir desculpas, porque durante a minha vida ningu\u00e9m me pediu desculpas sinceras. Nas poucas vezes em que parecia que isso tinha acontecido, mais tarde tive acesso \u00e0s pessoas em privado, e as conversas que tivemos em privado mostraram que era tudo falso. Por isso, n\u00e3o v\u00e3o levar nada de mim. N\u00e3o gostava de nenhum de voc\u00eas. Eu vi toda essa merda desde o in\u00edcio. Comecei a suspeitar desde que mal tinha consci\u00eancia de ter mem\u00f3ria, aos tr\u00eas anos de idade. Aos cinco anos, eu j\u00e1 tinha certeza. Eu vi toda essa merda desde o in\u00edcio, com algumas exce\u00e7\u00f5es, e\u2026 esperava que fosse negoci\u00e1vel, como uma quest\u00e3o de compet\u00eancia, moralidade.<\/p>\n<p>\u00c9 por isso que eu era um bom rapaz a todos os n\u00edveis; nem sempre, mas quase sempre, e\u2026 e, n\u00e3o. N\u00e3o \u00e9\u2026 n\u00e3o h\u00e1\u2026 n\u00e3o h\u00e1 nenhum tipo\u2026 \u00e9 completamente inegoci\u00e1vel. Ent\u00e3o v\u00e3o-se lixar, v\u00e3o para o inferno. Tr\u00eas e-mails devem ser enviados hoje, esta noite, as pessoas v\u00e3o receb\u00ea-los, basicamente. N\u00e3o vou dizer mais nada. E o problema \u00e9 que, com esta situa\u00e7\u00e3o dos olhos, cheguei a pensar em fazer isto com \u00f3culos, mas, no \u00faltimo momento, pensei: n\u00e3o, porque os \u00f3culos embaciam, \u00e9 uma dist\u00e2ncia curta. Fui est\u00fapido. Se tivesse feito isso, n\u00e3o teria\u2026 mas tamb\u00e9m n\u00e3o tenho nenhum interesse em ficar aqui. \u00c9 isso. Tamb\u00e9m n\u00e3o tenho interesse em ser famoso. N\u00e3o ligo a m\u00ednima para como voc\u00eas me julgam ou o que pensam de mim. A grande maioria das coisas que v\u00e3o ser ditas, at\u00e9 j\u00e1 consigo imaginar.<\/p>\n<p>Na verdade, eu j\u00e1 estava a ler, gosto particularmente da merda do Trump, de me ter chamado de animal, o que \u00e9 verdade. Eu sou um animal e ele tamb\u00e9m \u00e9, mas n\u00e3o tenho amor\u2026 N\u00e3o tenho \u00f3dio pelos Estados Unidos, tamb\u00e9m n\u00e3o tenho \u00f3dio nenhum. Esta foi uma quest\u00e3o de\u2026 de oportunidade. Gostaria muito de agradecer pela \u00fanica oportunidade que voc\u00eas me deram aqui, que foi esta, e\u2026 e olhem, \u00e9 isso. N\u00e3o tenho mais nada a dizer. Estamos terminados. N\u00e3o pensei que seria exatamente nestes termos, nem estava a planear vir aqui, mas este \u00e9 um lugar isolado, espero ficar aqui por pelo menos algumas boas horas sem\u2026 sem ser encontrado.<\/p>\n<p class=\"tinymceh1\">Mesmo que o est\u00fapido carro esteja l\u00e1 fora, e obviamente haja um registo da minha entrada, e haja c\u00e2maras e toda essa merda, mas provavelmente levar\u00e1 algumas boas horas, ent\u00e3o, quanto mais tempo ficar aqui, melhor. Vamos ver se tenho coragem de fazer isto a mim mesmo agora, porque foi muito dif\u00edcil fazer isso com todas essas pessoas, meu. Foi muito dif\u00edcil. Tenho inveja daqueles que nascem, por natureza ou n\u00e3o, ou por causa de\u2026 Tenho inveja daqueles que n\u00e3o t\u00eam dificuldades em fazer isso, e essas pessoas existem. \u00c9 disso que realmente tenho inveja. O resto n\u00e3o significa nada para mim. Vamos ver se tenho coragem. S\u00e3o 22h, e \u00e9 isto.\u201d<\/p>\n<p>\u201cQuando digo que n\u00e3o tenho \u00f3dio pelos Estados Unidos, tamb\u00e9m n\u00e3o tenho amor por eles \u2014 mal d\u00e1 para perceber isso \u2014 n\u00e3o tenho amor. Na verdade, acho que vir para c\u00e1, as duas vezes que vim, foi uma grande asneira. Mas dizer que voc\u00eas s\u00e3o extraordinariamente maus, isso seria\u2026 nem\u2026 nem\u2026 nem mau nem bom. \u00c9 a mesma merda. Voc\u00eas s\u00e3o macacos como os outros.<\/p>\n<p>Mas eu queria deixar isto\u2026 Eu estava a ler a grava\u00e7\u00e3o que fiz\u2026 n\u00e3o, n\u00e3o a ler, mas a ver. Eu disse que n\u00e3o tinha \u00f3dio, mas tamb\u00e9m n\u00e3o tenho amor. \u00c9 a mesma coisa com Portugal e com a maioria dos lugares onde estive. N\u00e3o me diz nada. Onde quer que um tipo v\u00e1, \u00e9 assim que as coisas s\u00e3o. Vamos ver como isto vai funcionar agora. Se eu realmente tenho coragem para fazer isto. Nestas duas inst\u00e2ncias, eu precisei de um catalisador \u2014 para ambas. Mas para a primeira, foi o facto de ter sido confrontado, e na segunda, eu tamb\u00e9m tive um, pode-se dizer, um pouco. Ent\u00e3o\u2026\u201d<\/p>\n<p>\u201cQue eu, obviamente, preferiria fazer qualquer outra coisa a isto. Porque \u00e9 dif\u00edcil. Em particular, porque n\u00e3o quero falhar, certo? Estou a pensar se devo usar uma arma, se devo usar as duas. J\u00e1 sei que v\u00e3o dizer que sou doente mental ou alguma merda do g\u00e9nero. Isso \u00e9 tudo disparate. S\u00e3o todas desculpas esfarrapadas. Tu \u00e9s\u2026 essas s\u00e3o todas desculpas para tu lixares quem n\u00e3o te importa. Eu sou\u2026 eu estou s\u00e3o.<\/p>\n<p>[As luzes apagam-se] Ei, aquelas luzes ali est\u00e3o a come\u00e7ar a apagar. Eu estou s\u00e3o e\u2026 O meu olho parece que est\u00e1 a come\u00e7ar a\u2026 ah, \u00e9 porque est\u00e1 escuro. [fecha o olho direito duas vezes] Hum\u2026 sim, est\u00e1 lixado. Eu estou s\u00e3o, e sempre fui, mais ou menos. N\u00e3o\u2026 n\u00e3o\u2026 n\u00e3o, ningu\u00e9m \u00e9 perfeito, mas\u2026 Na minha opini\u00e3o sobre tudo isto\u2026 acho que o mundo n\u00e3o pode ser redimido. Resumindo, \u00e9 isso.<\/p>\n<p>Nem sei se vou deixar isto aqui. Mas mesmo que eu apague, est\u00e1 num cart\u00e3o SD, vai ser um pouco dif\u00edcil. Quero saber se v\u00e3o publicar isto, talvez eu prefira que n\u00e3o\u2026 e n\u00e3o me importo nada com ser famoso, deixar um legado, e essas merdas, manifestos e essas coisas. N\u00e3o tenho absolutamente paci\u00eancia nenhuma para isso. Mesmo que eu tivesse muito a dizer e a escrever, n\u00e3o me importo. N\u00e3o vos vou dar esse direito.\u201d<\/p>\n<p>\u201cS\u00f3 mais uma cena. Parece que algu\u00e9m disse que eu estava a dizer que era\u2026 Allah Akbar ou alguma merda do g\u00e9nero. N\u00e3o me lembro de ter dito nada. Se disse alguma coisa, deve ter sido algum tipo de\u2026 exclama\u00e7\u00e3o, porque pensei que aquele\u2026 eu\u2026<\/p>\n<p>Nunca quis fazer isto num audit\u00f3rio. Eu queria fazer isto numa sala normal. E tive muitas oportunidades, especialmente neste semestre, tive muitas oportunidades, mas desisti sempre, e j\u00e1 expliquei porque \u00e9 que o fiz desta vez. Ent\u00e3o, correu tudo mal. Acho que l\u00e1 fora foi o que correu melhor, mas quando entrei no audit\u00f3rio, basicamente s\u00f3 vi um tipo l\u00e1 em baixo, se \u00e9 que o vi inicialmente. E pensei, porra\u2026 foi, e devo ter feito uma exclama\u00e7\u00e3o como \u201cOh, n\u00e3o!\u201d, ou algo assim, para expressar que estava vazio, isto \u00e9, se \u00e9 que eu disse algo assim.<\/p>\n<p>Pensei que as pessoas tivessem sa\u00eddo. Porque elas eram meio est\u00fapidas. H\u00e1\u2026 h\u00e1 uma sa\u00edda de emerg\u00eancia no lado inferior direito. Elas\u2026 todas aquelas pessoas que estavam escondidas, debaixo da\u2026 mesa, ou sei l\u00e1 o qu\u00ea, podiam perfeitamente ter sa\u00eddo por ali. Pensei que elas tinham\u2026 que era isso que tinha acontecido quando eu estava l\u00e1 fora, o que presumo que tenha sido o melhor, mas talvez n\u00e3o, na verdade, porque quando sa\u00ed, n\u00e3o vi mais ningu\u00e9m l\u00e1. Presumi\u2026 pensei que todos tivessem sa\u00eddo por ali. Mas depois percebi que n\u00e3o. Que estavam todos escondidos debaixo das\u2026 das\u2026 cadeiras e\u2026 era dif\u00edcil ver, mas foi isso. Hum, agora deve estar tudo\u201d.<\/p>\n","protected":false},"excerpt":{"rendered":"O Observador publica aqui a tradu\u00e7\u00e3o integral da transcri\u00e7\u00e3o dos v\u00eddeos gravados por Cl\u00e1udio Neves Valente, o atirador&hellip;\n","protected":false},"author":2,"featured_media":220630,"comment_status":"","ping_status":"","sticky":false,"template":"","format":"standard","meta":{"footnotes":""},"categories":[10],"tags":[624,27,28,604,623,15,16,14,25,26,21,22,62,12,13,19,20,32,23,24,33,58,17,18,29,30,31],"class_list":{"0":"post-220629","1":"post","2":"type-post","3":"status-publish","4":"format-standard","5":"has-post-thumbnail","7":"category-portugal","8":"tag-amu00e9rica","9":"tag-breaking-news","10":"tag-breakingnews","11":"tag-crime","12":"tag-estados-unidos-da-amu00e9rica","13":"tag-featured-news","14":"tag-featurednews","15":"tag-headlines","16":"tag-latest-news","17":"tag-latestnews","18":"tag-main-news","19":"tag-mainnews","20":"tag-mundo","21":"tag-news","22":"tag-noticias","23":"tag-noticias-principais","24":"tag-noticiasprincipais","25":"tag-portugal","26":"tag-principais-noticias","27":"tag-principaisnoticias","28":"tag-pt","29":"tag-sociedade","30":"tag-top-stories","31":"tag-topstories","32":"tag-ultimas","33":"tag-ultimas-noticias","34":"tag-ultimasnoticias"},"share_on_mastodon":{"url":"https:\/\/pubeurope.com\/@pt\/115859946442367846","error":""},"_links":{"self":[{"href":"https:\/\/www.europesays.com\/pt\/wp-json\/wp\/v2\/posts\/220629","targetHints":{"allow":["GET"]}}],"collection":[{"href":"https:\/\/www.europesays.com\/pt\/wp-json\/wp\/v2\/posts"}],"about":[{"href":"https:\/\/www.europesays.com\/pt\/wp-json\/wp\/v2\/types\/post"}],"author":[{"embeddable":true,"href":"https:\/\/www.europesays.com\/pt\/wp-json\/wp\/v2\/users\/2"}],"replies":[{"embeddable":true,"href":"https:\/\/www.europesays.com\/pt\/wp-json\/wp\/v2\/comments?post=220629"}],"version-history":[{"count":0,"href":"https:\/\/www.europesays.com\/pt\/wp-json\/wp\/v2\/posts\/220629\/revisions"}],"wp:featuredmedia":[{"embeddable":true,"href":"https:\/\/www.europesays.com\/pt\/wp-json\/wp\/v2\/media\/220630"}],"wp:attachment":[{"href":"https:\/\/www.europesays.com\/pt\/wp-json\/wp\/v2\/media?parent=220629"}],"wp:term":[{"taxonomy":"category","embeddable":true,"href":"https:\/\/www.europesays.com\/pt\/wp-json\/wp\/v2\/categories?post=220629"},{"taxonomy":"post_tag","embeddable":true,"href":"https:\/\/www.europesays.com\/pt\/wp-json\/wp\/v2\/tags?post=220629"}],"curies":[{"name":"wp","href":"https:\/\/api.w.org\/{rel}","templated":true}]}}