{"id":220631,"date":"2026-01-08T14:27:17","date_gmt":"2026-01-08T14:27:17","guid":{"rendered":"https:\/\/www.europesays.com\/pt\/220631\/"},"modified":"2026-01-08T14:27:17","modified_gmt":"2026-01-08T14:27:17","slug":"empresarios-alarmados-com-fecho-de-restaurantes-tradicionais-2","status":"publish","type":"post","link":"https:\/\/www.europesays.com\/pt\/220631\/","title":{"rendered":"Empres\u00e1rios alarmados com fecho de restaurantes tradicionais"},"content":{"rendered":"<p data-remotead-prev-elm=\"true\" data-remotead-elm-id=\"inread\">Os empres\u00e1rios est\u00e3o alarmados e n\u00e3o \u00e9 para menos. H\u00e1 cada vez mais restaurantes a fechar, sobretudo de comida t\u00edpica portuguesa, alerta o presidente da associa\u00e7\u00e3o nacional Pro.Var. As tascas ou pequenos estabelecimentos de bairro est\u00e3o a ser substitu\u00eddos por cadeias de restaura\u00e7\u00e3o, especialmente de fast food, ou por restaurantes dentro de supermercados. A tend\u00eancia j\u00e1 se espalhou pelo pa\u00eds, assegura Daniel Serra, que fala numa tempestade t\u00e3o letal como a pandemia e, por isso, pede ao Governo a redu\u00e7\u00e3o do IVA para os 6% na comida.<\/p>\n","protected":false},"excerpt":{"rendered":"Os empres\u00e1rios est\u00e3o alarmados e n\u00e3o \u00e9 para menos. H\u00e1 cada vez mais restaurantes a fechar, sobretudo de&hellip;\n","protected":false},"author":2,"featured_media":218720,"comment_status":"","ping_status":"","sticky":false,"template":"","format":"standard","meta":{"footnotes":""},"categories":[8],"tags":[27,28,476,11771,15,16,14,25,26,21,22,619,12,13,19,20,32,23,24,33,3555,42457,17,18,29,30,31],"class_list":{"0":"post-220631","1":"post","2":"type-post","3":"status-publish","4":"format-standard","5":"has-post-thumbnail","7":"category-principais-noticias","8":"tag-breaking-news","9":"tag-breakingnews","10":"tag-economia","11":"tag-fast-food","12":"tag-featured-news","13":"tag-featurednews","14":"tag-headlines","15":"tag-latest-news","16":"tag-latestnews","17":"tag-main-news","18":"tag-mainnews","19":"tag-nacional","20":"tag-news","21":"tag-noticias","22":"tag-noticias-principais","23":"tag-noticiasprincipais","24":"tag-portugal","25":"tag-principais-noticias","26":"tag-principaisnoticias","27":"tag-pt","28":"tag-restaurantes","29":"tag-tascas","30":"tag-top-stories","31":"tag-topstories","32":"tag-ultimas","33":"tag-ultimas-noticias","34":"tag-ultimasnoticias"},"share_on_mastodon":{"url":"https:\/\/pubeurope.com\/@pt\/115859950498741286","error":""},"_links":{"self":[{"href":"https:\/\/www.europesays.com\/pt\/wp-json\/wp\/v2\/posts\/220631","targetHints":{"allow":["GET"]}}],"collection":[{"href":"https:\/\/www.europesays.com\/pt\/wp-json\/wp\/v2\/posts"}],"about":[{"href":"https:\/\/www.europesays.com\/pt\/wp-json\/wp\/v2\/types\/post"}],"author":[{"embeddable":true,"href":"https:\/\/www.europesays.com\/pt\/wp-json\/wp\/v2\/users\/2"}],"replies":[{"embeddable":true,"href":"https:\/\/www.europesays.com\/pt\/wp-json\/wp\/v2\/comments?post=220631"}],"version-history":[{"count":0,"href":"https:\/\/www.europesays.com\/pt\/wp-json\/wp\/v2\/posts\/220631\/revisions"}],"wp:featuredmedia":[{"embeddable":true,"href":"https:\/\/www.europesays.com\/pt\/wp-json\/wp\/v2\/media\/218720"}],"wp:attachment":[{"href":"https:\/\/www.europesays.com\/pt\/wp-json\/wp\/v2\/media?parent=220631"}],"wp:term":[{"taxonomy":"category","embeddable":true,"href":"https:\/\/www.europesays.com\/pt\/wp-json\/wp\/v2\/categories?post=220631"},{"taxonomy":"post_tag","embeddable":true,"href":"https:\/\/www.europesays.com\/pt\/wp-json\/wp\/v2\/tags?post=220631"}],"curies":[{"name":"wp","href":"https:\/\/api.w.org\/{rel}","templated":true}]}}