{"id":220632,"date":"2026-01-08T14:28:12","date_gmt":"2026-01-08T14:28:12","guid":{"rendered":"https:\/\/www.europesays.com\/pt\/220632\/"},"modified":"2026-01-08T14:28:12","modified_gmt":"2026-01-08T14:28:12","slug":"wagner-moura-e-o-agente-secreto-favoritos-ao-globo-de-ouro-diz-variety","status":"publish","type":"post","link":"https:\/\/www.europesays.com\/pt\/220632\/","title":{"rendered":"Wagner Moura e O Agente Secreto favoritos ao Globo de Ouro, diz Variety"},"content":{"rendered":"<p>\n                        Premia\u00e7\u00e3o ocorre neste domingo, 11, e tem o filme brasileiro indicado em duas categorias\n                    <\/p>\n<p>\n                                    8 jan<br \/>\n                                    2026<br \/>\n                                     &#8211; 21h09\n                                <\/p>\n<p>\n                                                                                                                        (atualizado em 8\/1\/2026 \u00e0s 08h30)\n                                                                            <\/p>\n<p>\n                        <b style=\"margin-bottom: 8px; display: inline-block;\">Resumo<\/b><br \/>A revista Variety aposta em vit\u00f3rias de Wagner Moura como Melhor Ator em Filme de Drama e do longa &#8220;O Agente Secreto&#8221; como Melhor Filme Internacional no Globo de Ouro 2026.\n                    <\/p>\n<p><img loading=\"lazy\" decoding=\"async\" alt=\"Wagner Moura em cena de 'O Agente Secreto'\" class=\"img-2eea0d7cb418ebd1d73a082e07ade35fk7yp7958\" height=\"344\" src=\"https:\/\/www.europesays.com\/pt\/wp-content\/uploads\/2026\/01\/515507338-cymj5owhdnaiphflmmegjesmem.jpg\"  title=\"Wagner Moura em cena de 'O Agente Secreto'\" width=\"774\"\/><\/p>\n<p>Wagner Moura em cena de &#8216;O Agente Secreto&#8217;<\/p>\n<p>Foto: Vitrine Filmes\/Reprodu\u00e7\u00e3o \/ Estad\u00e3o<\/p>\n<p class=\"text\">A revista norte-americana Variety, especializada em cinema, publicou nesta quarta-feira, 7, suas apostas para o Globo de Ouro, que ocorre no pr\u00f3ximo domingo, 11, e apontou uma vit\u00f3ria dupla para o\u00a0<a href=\"https:\/\/www.terra.com.br\/diversao\/entre-telas\/filmes\/wagner-moura-celebra-o-cinema-brasileiro-em-talk-show-americano-feliz-pela-nossa-cultura,4dd8a385cb28ceaa5050fad4792b9e80dhrvd2rq.html\" target=\"_self\" rel=\"nofollow noopener\">filme O Agente Secreto<\/a>.<\/p>\n<p class=\"text\">O ve\u00edculo aponta o brasileiro Wagner Moura como prov\u00e1vel vencedor da categoria de Melhor Ator em Filme de Drama, e o longa de Kleber Mendon\u00e7a Filho vencendo na categoria Melhor Filme Internacional.<\/p>\n<p class=\"text\">&#8220;A categoria de melhor ator (drama) promete fazer hist\u00f3ria, com Wagner Moura como favorito por O Agente Secreto, superando por pouco Michael B. Jordan, de Pecadores. Moura, o primeiro brasileiro indicado na categoria, parece estar seguindo os passos de <a href=\"https:\/\/www.terra.com.br\/tudo-sobre\/fernanda-torres\" target=\"_self\" rel=\"nofollow noopener\">Fernanda Torres<\/a>, que ganhou um Globo de Ouro por Ainda Estou Aqui no ano passado&#8221;, diz a publica\u00e7\u00e3o.<\/p>\n<p class=\"text\">Na segunda-feira, 5, a revista Vanity Fair tamb\u00e9m previu Wagner Moura como vencedor. Nesta quarta-feira, por\u00e9m, o ator brasileiro ficou de fora da lista do The Actor Awards, antigo SAG Awards. A indica\u00e7\u00e3o era improv\u00e1vel, visto que o Sindicato dos Atores tende a priorizar nomea\u00e7\u00f5es de conterr\u00e2neos.<\/p>\n<p>Wagner Moura e Kleber Mendon\u00e7a Filho comemoram indica\u00e7\u00f5es ao Globo de Ouro:<\/p>\n<p><img alt=\"\" decoding=\"async\" height=\"364\" loading=\"lazy\" src=\"https:\/\/www.europesays.com\/pt\/wp-content\/uploads\/2026\/01\/agente-sem-txt-qdta5t0omixv.jpg\" width=\"648\"\/><\/p>\n","protected":false},"excerpt":{"rendered":"Premia\u00e7\u00e3o ocorre neste domingo, 11, e tem o filme brasileiro indicado em duas categorias 8 jan 2026 &#8211;&hellip;\n","protected":false},"author":2,"featured_media":220633,"comment_status":"","ping_status":"","sticky":false,"template":"","format":"standard","meta":{"footnotes":""},"categories":[145],"tags":[211,210,114,115,19262,23925,32,33,12348],"class_list":{"0":"post-220632","1":"post","2":"type-post","3":"status-publish","4":"format-standard","5":"has-post-thumbnail","7":"category-celebridades","8":"tag-celebridades","9":"tag-celebrities","10":"tag-entertainment","11":"tag-entretenimento","12":"tag-globo-de-ouro","13":"tag-o-agente-secreto-filme","14":"tag-portugal","15":"tag-pt","16":"tag-wagner-moura"},"share_on_mastodon":{"url":"https:\/\/pubeurope.com\/@pt\/115859954431232649","error":""},"_links":{"self":[{"href":"https:\/\/www.europesays.com\/pt\/wp-json\/wp\/v2\/posts\/220632","targetHints":{"allow":["GET"]}}],"collection":[{"href":"https:\/\/www.europesays.com\/pt\/wp-json\/wp\/v2\/posts"}],"about":[{"href":"https:\/\/www.europesays.com\/pt\/wp-json\/wp\/v2\/types\/post"}],"author":[{"embeddable":true,"href":"https:\/\/www.europesays.com\/pt\/wp-json\/wp\/v2\/users\/2"}],"replies":[{"embeddable":true,"href":"https:\/\/www.europesays.com\/pt\/wp-json\/wp\/v2\/comments?post=220632"}],"version-history":[{"count":0,"href":"https:\/\/www.europesays.com\/pt\/wp-json\/wp\/v2\/posts\/220632\/revisions"}],"wp:featuredmedia":[{"embeddable":true,"href":"https:\/\/www.europesays.com\/pt\/wp-json\/wp\/v2\/media\/220633"}],"wp:attachment":[{"href":"https:\/\/www.europesays.com\/pt\/wp-json\/wp\/v2\/media?parent=220632"}],"wp:term":[{"taxonomy":"category","embeddable":true,"href":"https:\/\/www.europesays.com\/pt\/wp-json\/wp\/v2\/categories?post=220632"},{"taxonomy":"post_tag","embeddable":true,"href":"https:\/\/www.europesays.com\/pt\/wp-json\/wp\/v2\/tags?post=220632"}],"curies":[{"name":"wp","href":"https:\/\/api.w.org\/{rel}","templated":true}]}}