{"id":220634,"date":"2026-01-08T14:29:07","date_gmt":"2026-01-08T14:29:07","guid":{"rendered":"https:\/\/www.europesays.com\/pt\/220634\/"},"modified":"2026-01-08T14:29:07","modified_gmt":"2026-01-08T14:29:07","slug":"escola-oficina-de-artes-valdice-teles-oferta-mais-de-mil-vagas-em-aracaju-g1","status":"publish","type":"post","link":"https:\/\/www.europesays.com\/pt\/220634\/","title":{"rendered":"Escola Oficina de Artes Valdice Teles oferta mais de mil vagas em Aracaju &#8211; G1"},"content":{"rendered":"<ol>\n<li><a href=\"https:\/\/news.google.com\/rss\/articles\/CBMiygFBVV95cUxOSDJTLVdmM0tXRFpQdHF2dktPR0hEbUxyVHJsbEZuTzRYN2VYVEhPVVgxaXdYWFVxeEphcmFZYUd0QXhuOGZRdkd5Unh6MVNNQzNCaTVIbnpsTWxRTUNwNkdzQWw2U05kSzhsQ2EwMmVqZDJ4aHpYUjF5d1h4dkVrZG54U29lejJhdHVueS1Qa1dQdFNXc0dHZGxleF9peEZSQWJqUWpBSVB3amhENXp3LU5lWWhlRUdYUEx2c3BRQWJHbEp4NG9OY3p3?oc=5\" target=\"_blank\" rel=\"nofollow noopener\">Escola Oficina de Artes Valdice Teles oferta mais de mil vagas em Aracaju<\/a>&nbsp;&nbsp;G1<\/li>\n<li><a href=\"https:\/\/news.google.com\/rss\/articles\/CBMizwFBVV95cUxONE1RbmxXVm9uR2xIQ0pDaDlUTzBIVVdMdGlHdE1zNUphZ0dHeHg4NmQ2SkR3MmZveUtBVjVHX195U1dwVUVJX0ZCX2EtZlcxS3JJQnBacER2VVFxS25NM2NicDFIdnRGVWp3UjRIZGR2NkZVRUJSOGFYYkdCemR3WGowWS1fVkVCM0o1YjV3R2lqTUNQdmh6V2dQUVRvTGQ1SUlFWDZxSWRIeXg5dlpMVnhyV2t5ZFdxOVZGbmk0MmQyYXlUMERyNzZSYVpXQTQ?oc=5\" target=\"_blank\" rel=\"nofollow noopener\">Programa\u00e7\u00e3o cultural da Prefeitura movimenta espa\u00e7os p\u00fablicos de Aracaju em janeiro<\/a>&nbsp;&nbsp;Prefeitura de Aracaju<\/li>\n<li><a href=\"https:\/\/news.google.com\/rss\/articles\/CBMixAFBVV95cUxPaHJKQW5HOG5FUzkwVmpHbWx1VXlzbGF2WUh2VC04Mjc4M2QybDZZTUNjTDRDLVJZUGMwWXJDd1hQdkdGcThXd3lfZzcySkVGMm56VTZmWVhWZVE1NzJNbmQ0eFZ4ajNSMWtuZEVSdFZFaDRoQWRrU0prT0l0ZGRUaUVOdDJaZlQ2S01xS19lUWJjb1QwajJTTjlLbzFLZDM0ZGhqLWI1RFZSN3UxekpZb3ZsUnpIZUZMbGFYSXFPV0RUd1R3?oc=5\" target=\"_blank\" rel=\"nofollow noopener\">Escola de Artes Valdice Teles est\u00e1 com inscri\u00e7\u00f5es abertas em diversas \u00e1reas<\/a>&nbsp;&nbsp;A8 Sergipe<\/li>\n<li><a href=\"https:\/\/news.google.com\/rss\/articles\/CBMi7AFBVV95cUxNZVJaUDROYmduQ0FDY2xUS1lzWkZXODNiekZtQ1E4UEpybURTd0lVTnpNOGhrZ3ZSVl9ib09pRVJaN3YwWTZMNlZ3QU84Rk9pODM1T2VwNDNSbzZlN0dGal9ZbWVTVlFFelBRdnZfX1RySENvWkhyS1BzSThzRXdXS25BbjFhVkFfancwc0xxZ1FtX01UMWs3cmRrSVBRdmNRVEEzYlZ5TFY4aDNOckZuaEhVZDBJSXU1ZDNNWHp2dGpiUlRIdTNFaEFnQmRHZWxTcWd4blJPeUpnQTU3X291VDJEd0ZHRHN6QUdzbw?oc=5\" target=\"_blank\" rel=\"nofollow noopener\">Escola Valdice Teles abre inscri\u00e7\u00f5es para mais de mil vagas em oficinas no primeiro semestre de 2026<\/a>&nbsp;&nbsp;Click Sergipe<\/li>\n<li><a href=\"https:\/\/news.google.com\/rss\/articles\/CBMi0AFBVV95cUxPOHNuMHdocllaX1pRazVxUHQ5blk1cnAwbnBtYUlfREwtdzRZSkRaMDNCelotamc1WENiQUJWMG01U0loeTJTaHh1YXA0WkJBSlRwNENROXlxYUtrR2VEX29rNV95QUZpLXVhZjlmYTNrbTRyeU9SWEtWVTl4VlN5dlNoYW15YWZZeEV6TjFFeXVSZGNxVmltOFBTVHZBc21sU01jQW9HTlN3eWUtQTQ4c1VVSFl1Q1NUOHNXV2VwNUpqQVRJTGRYckU4ZFBXNjV4?oc=5\" target=\"_blank\" rel=\"nofollow noopener\">Escola de Artes Valdice Teles abre mais de mil vagas para oficinas gratuitas; confira como se inscrever<\/a>&nbsp;&nbsp;Fan F1<\/li>\n<\/ol>\n","protected":false},"excerpt":{"rendered":"Escola Oficina de Artes Valdice Teles oferta mais de mil vagas em Aracaju&nbsp;&nbsp;G1 Programa\u00e7\u00e3o cultural da Prefeitura movimenta&hellip;\n","protected":false},"author":2,"featured_media":137251,"comment_status":"","ping_status":"","sticky":false,"template":"","format":"standard","meta":{"footnotes":""},"categories":[144],"tags":[207,205,206,203,201,202,204,114,115,32,33],"class_list":{"0":"post-220634","1":"post","2":"type-post","3":"status-publish","4":"format-standard","5":"has-post-thumbnail","7":"category-arte-e-design","8":"tag-arte","9":"tag-arte-e-design","10":"tag-artedesign","11":"tag-arts","12":"tag-arts-and-design","13":"tag-artsanddesign","14":"tag-design","15":"tag-entertainment","16":"tag-entretenimento","17":"tag-portugal","18":"tag-pt"},"share_on_mastodon":{"url":"https:\/\/pubeurope.com\/@pt\/115859958139551160","error":""},"_links":{"self":[{"href":"https:\/\/www.europesays.com\/pt\/wp-json\/wp\/v2\/posts\/220634","targetHints":{"allow":["GET"]}}],"collection":[{"href":"https:\/\/www.europesays.com\/pt\/wp-json\/wp\/v2\/posts"}],"about":[{"href":"https:\/\/www.europesays.com\/pt\/wp-json\/wp\/v2\/types\/post"}],"author":[{"embeddable":true,"href":"https:\/\/www.europesays.com\/pt\/wp-json\/wp\/v2\/users\/2"}],"replies":[{"embeddable":true,"href":"https:\/\/www.europesays.com\/pt\/wp-json\/wp\/v2\/comments?post=220634"}],"version-history":[{"count":0,"href":"https:\/\/www.europesays.com\/pt\/wp-json\/wp\/v2\/posts\/220634\/revisions"}],"wp:featuredmedia":[{"embeddable":true,"href":"https:\/\/www.europesays.com\/pt\/wp-json\/wp\/v2\/media\/137251"}],"wp:attachment":[{"href":"https:\/\/www.europesays.com\/pt\/wp-json\/wp\/v2\/media?parent=220634"}],"wp:term":[{"taxonomy":"category","embeddable":true,"href":"https:\/\/www.europesays.com\/pt\/wp-json\/wp\/v2\/categories?post=220634"},{"taxonomy":"post_tag","embeddable":true,"href":"https:\/\/www.europesays.com\/pt\/wp-json\/wp\/v2\/tags?post=220634"}],"curies":[{"name":"wp","href":"https:\/\/api.w.org\/{rel}","templated":true}]}}